{"id":6172,"date":"2019-02-25T17:41:15","date_gmt":"2019-02-25T20:41:15","guid":{"rendered":"https:\/\/hostnetart.com.br\/baixada\/bradesco-anuncia-pde-unilateralmente-para-gerentes\/"},"modified":"2019-02-25T17:41:15","modified_gmt":"2019-02-25T20:41:15","slug":"bradesco-anuncia-pde-unilateralmente-para-gerentes","status":"publish","type":"post","link":"https:\/\/hostnetart.com.br\/baixada\/bradesco-anuncia-pde-unilateralmente-para-gerentes\/","title":{"rendered":"Bradesco anuncia PDE unilateralmente para gerentes"},"content":{"rendered":"<div class=\"content\">\n<p>Reivindica\u00e7\u00e3o hist\u00f3rica dos banc\u00e1rios, o Bradesco tem informado aos gerentes, durante o m\u00eas de fevereiro, a implanta\u00e7\u00e3o do Pr\u00eamio Desenvolvimento Extraordin\u00e1rio (PDE), com regulamenta\u00e7\u00e3o para mar\u00e7o de 2019, sem comunicar o movimento sindical, conforme consta na Conven\u00e7\u00e3o Coletiva de Trabalho (CCT).<\/p>\n<p>Para Magaly Fagundes, coordenadora do Comiss\u00e3o de Organiza\u00e7\u00e3o dos Empregados (COE) do Bradesco, o PDE \u00e9 uma conquista para os trabalhadores, por\u00e9m, \u00e9 preciso mais esclarecimentos. \u201cEssa \u00e9 uma reivindica\u00e7\u00e3o antiga dos funcion\u00e1rios do Bradesco, inclusive, consta na nossa minuta. Mas, em nenhum momento fomos chamados para discutir o assunto e entender como ele ser\u00e1 implantado e regulamentado\u201d, disse.<\/p>\n<p>O banco n\u00e3o informou \u00e0 representa\u00e7\u00e3o sindical qual ser\u00e1 o p\u00fablico-alvo e nem se ser\u00e1 considerado o desempenho individual ou coletivo. \u00a0O Bradesco apenas confirmou uma reuni\u00e3o com os representantes dos funcion\u00e1rios no dia 11 de mar\u00e7o, \u00e0s 16h.<\/p>\n<\/div>\n<p id=\"page-author\"><strong>Fonte: Contraf-CUT<\/strong><\/p>\n","protected":false},"excerpt":{"rendered":"<p>Reivindica\u00e7\u00e3o hist\u00f3rica dos banc\u00e1rios, o Bradesco tem informado aos gerentes, durante o m\u00eas de fevereiro, a implanta\u00e7\u00e3o do Pr\u00eamio Desenvolvimento Extraordin\u00e1rio (PDE), com regulamenta\u00e7\u00e3o para mar\u00e7o de 2019, sem comunicar o movimento sindical, conforme consta na Conven\u00e7\u00e3o Coletiva de Trabalho (CCT). Para Magaly Fagundes, coordenadora do Comiss\u00e3o de Organiza\u00e7\u00e3o dos Empregados (COE) do Bradesco, o [&hellip;]<\/p>\n","protected":false},"author":2,"featured_media":6171,"comment_status":"","ping_status":"","sticky":false,"template":"","format":"standard","meta":{"footnotes":""},"categories":[3],"tags":[],"class_list":["post-6172","post","type-post","status-publish","format-standard","has-post-thumbnail","hentry","category-noticias"],"_links":{"self":[{"href":"https:\/\/hostnetart.com.br\/baixada\/wp-json\/wp\/v2\/posts\/6172","targetHints":{"allow":["GET"]}}],"collection":[{"href":"https:\/\/hostnetart.com.br\/baixada\/wp-json\/wp\/v2\/posts"}],"about":[{"href":"https:\/\/hostnetart.com.br\/baixada\/wp-json\/wp\/v2\/types\/post"}],"author":[{"embeddable":true,"href":"https:\/\/hostnetart.com.br\/baixada\/wp-json\/wp\/v2\/users\/2"}],"replies":[{"embeddable":true,"href":"https:\/\/hostnetart.com.br\/baixada\/wp-json\/wp\/v2\/comments?post=6172"}],"version-history":[{"count":0,"href":"https:\/\/hostnetart.com.br\/baixada\/wp-json\/wp\/v2\/posts\/6172\/revisions"}],"wp:featuredmedia":[{"embeddable":true,"href":"https:\/\/hostnetart.com.br\/baixada\/wp-json\/wp\/v2\/media\/6171"}],"wp:attachment":[{"href":"https:\/\/hostnetart.com.br\/baixada\/wp-json\/wp\/v2\/media?parent=6172"}],"wp:term":[{"taxonomy":"category","embeddable":true,"href":"https:\/\/hostnetart.com.br\/baixada\/wp-json\/wp\/v2\/categories?post=6172"},{"taxonomy":"post_tag","embeddable":true,"href":"https:\/\/hostnetart.com.br\/baixada\/wp-json\/wp\/v2\/tags?post=6172"}],"curies":[{"name":"wp","href":"https:\/\/api.w.org\/{rel}","templated":true}]}}