{"id":6168,"date":"2019-02-25T17:39:36","date_gmt":"2019-02-25T20:39:36","guid":{"rendered":"https:\/\/hostnetart.com.br\/baixada\/assedio-moral-pode-virar-crime\/"},"modified":"2019-02-25T17:39:36","modified_gmt":"2019-02-25T20:39:36","slug":"assedio-moral-pode-virar-crime","status":"publish","type":"post","link":"https:\/\/hostnetart.com.br\/baixada\/assedio-moral-pode-virar-crime\/","title":{"rendered":"Ass\u00e9dio moral pode virar crime"},"content":{"rendered":"<div class=\"content\">\n<p>O projeto de lei que tipifica o crime de ass\u00e9dio moral no trabalho \u00e9 o destaque do Plen\u00e1rio da C\u00e2mara dos Deputados nesta \u00faltima semana de fevereiro. O Projeto de Lei 4742\/01, do ex-deputado Marcos de Jesus, inclui o novo crime no C\u00f3digo Penal. A sess\u00e3o do Plen\u00e1rio desta segunda-feira (25) est\u00e1 marcada para as 13h55.<\/p>\n<p>Ser\u00e1 analisado o substitutivo aprovado pela Comiss\u00e3o de Constitui\u00e7\u00e3o e Justi\u00e7a e de Cidadania (CCJ) em 2002, que caracteriza o crime de ass\u00e9dio moral no trabalho como depreciar sem justa causa, de qualquer forma e reiteradamente, a imagem ou o desempenho de servidor p\u00fablico ou empregado em raz\u00e3o de subordina\u00e7\u00e3o hier\u00e1rquica funcional ou laboral.<\/p>\n<p>A tipifica\u00e7\u00e3o inclui ainda como crime o fato de tratar o funcion\u00e1rio com vigor excessivo, colocando em risco ou afetando sua sa\u00fade f\u00edsica ou ps\u00edquica. A pena proposta \u00e9 de deten\u00e7\u00e3o de um a dois anos.<\/p>\n<p>Mauro Salles, secret\u00e1rio de Sa\u00fade do Trabalhador Confedera\u00e7\u00e3o Nacional dos Trabalhadores do Ramo Financeiro (Contraf-CUT), lembra que o combate ao ass\u00e9dio moral ficou em terceiro lugar dentre as prioridades apontadas na consulta feita pela Contraf-CUT no ano passado. \u201cO trabalho banc\u00e1rio n\u00e3o \u00e9 nada f\u00e1cil. S\u00e3o muitas exig\u00eancias, um alto grau de conhecimento e ainda as metas cobradas muitas vezes de forma desumana, colocando o ass\u00e9dio moral como uma grande preocupa\u00e7\u00e3o para nossa categoria.\u201d<\/p>\n<p>O secret\u00e1rio informa que as sequelas do ass\u00e9dio muitas vezes s\u00e3o permanentes, pois as pr\u00e1ticas minam e destroem a auto estima do trabalhador. \u201cA v\u00edtima se sente um lixo. Um nada. O ass\u00e9dio \u00e9 t\u00e3o cruel quanto atitudes racistas e\/ou homof\u00f3bicas. Por isso, podem ser consideradas como pr\u00e1ticas criminosas que compromete a sa\u00fade f\u00edsica e mental dos trabalhadores com alto \u00edndice de adoecimento e mesmo mortes.\u201d<\/p>\n<\/div>\n<p id=\"page-author\"><strong>Fonte: Contraf-CUT<\/strong><\/p>\n","protected":false},"excerpt":{"rendered":"<p>O projeto de lei que tipifica o crime de ass\u00e9dio moral no trabalho \u00e9 o destaque do Plen\u00e1rio da C\u00e2mara dos Deputados nesta \u00faltima semana de fevereiro. O Projeto de Lei 4742\/01, do ex-deputado Marcos de Jesus, inclui o novo crime no C\u00f3digo Penal. A sess\u00e3o do Plen\u00e1rio desta segunda-feira (25) est\u00e1 marcada para as [&hellip;]<\/p>\n","protected":false},"author":2,"featured_media":6167,"comment_status":"","ping_status":"","sticky":false,"template":"","format":"standard","meta":{"footnotes":""},"categories":[3],"tags":[],"class_list":["post-6168","post","type-post","status-publish","format-standard","has-post-thumbnail","hentry","category-noticias"],"_links":{"self":[{"href":"https:\/\/hostnetart.com.br\/baixada\/wp-json\/wp\/v2\/posts\/6168","targetHints":{"allow":["GET"]}}],"collection":[{"href":"https:\/\/hostnetart.com.br\/baixada\/wp-json\/wp\/v2\/posts"}],"about":[{"href":"https:\/\/hostnetart.com.br\/baixada\/wp-json\/wp\/v2\/types\/post"}],"author":[{"embeddable":true,"href":"https:\/\/hostnetart.com.br\/baixada\/wp-json\/wp\/v2\/users\/2"}],"replies":[{"embeddable":true,"href":"https:\/\/hostnetart.com.br\/baixada\/wp-json\/wp\/v2\/comments?post=6168"}],"version-history":[{"count":0,"href":"https:\/\/hostnetart.com.br\/baixada\/wp-json\/wp\/v2\/posts\/6168\/revisions"}],"wp:featuredmedia":[{"embeddable":true,"href":"https:\/\/hostnetart.com.br\/baixada\/wp-json\/wp\/v2\/media\/6167"}],"wp:attachment":[{"href":"https:\/\/hostnetart.com.br\/baixada\/wp-json\/wp\/v2\/media?parent=6168"}],"wp:term":[{"taxonomy":"category","embeddable":true,"href":"https:\/\/hostnetart.com.br\/baixada\/wp-json\/wp\/v2\/categories?post=6168"},{"taxonomy":"post_tag","embeddable":true,"href":"https:\/\/hostnetart.com.br\/baixada\/wp-json\/wp\/v2\/tags?post=6168"}],"curies":[{"name":"wp","href":"https:\/\/api.w.org\/{rel}","templated":true}]}}