{"id":6162,"date":"2019-02-25T14:07:35","date_gmt":"2019-02-25T17:07:35","guid":{"rendered":"https:\/\/hostnetart.com.br\/baixada\/trabalhadores-e-caixa-retomam-debate-sobre-saude-e-condicoes-de-trabalho\/"},"modified":"2019-02-25T14:07:35","modified_gmt":"2019-02-25T17:07:35","slug":"trabalhadores-e-caixa-retomam-debate-sobre-saude-e-condicoes-de-trabalho","status":"publish","type":"post","link":"https:\/\/hostnetart.com.br\/baixada\/trabalhadores-e-caixa-retomam-debate-sobre-saude-e-condicoes-de-trabalho\/","title":{"rendered":"Trabalhadores e Caixa retomam debate sobre sa\u00fade e condi\u00e7\u00f5es de trabalho"},"content":{"rendered":"<div class=\"content\">\n<p>O\u00a0adoecimento dos empregados da Caixa Econ\u00f4mica Federal causados pelos impactos da sobrecarga de trabalho, amea\u00e7as de retirada de fun\u00e7\u00e3o e a cobran\u00e7a de metas abusivas foram alguns dos pontos abordados pelo GT Sa\u00fade do Trabalhador, grupo parit\u00e1rio formado por representantes dos trabalhadores e do banco.\u00a0<\/p>\n<p>Previsto no Acordo Coletivo de Trabalho, o Grupo para tratar das quest\u00f5es relativas \u00e0 sa\u00fade do trabalhador, n\u00e3o se reunia desde mar\u00e7o de 2018, quando foi debatido o agravamento dos problemas de sa\u00fade mental na empresa.\u00a0 O movimento dos trabalhadores alertou para o crescimento do n\u00famero de suic\u00eddios e para os casos de depress\u00e3o, s\u00edndrome do p\u00e2nico e outros graves problemas que atingem a categoria banc\u00e1ria, em especial os empregados da Caixa.<\/p>\n<p>Na reuni\u00e3o, realizada nesta quarta-feira (20), a representante da Confedera\u00e7\u00e3o Nacional dos Trabalhadores do Ramo Financeiro (Contraf-CUT), Fabiana Uehara, manifestou preocupa\u00e7\u00e3o com o programa de Gest\u00e3o de Desempenho de Pessoas (GDP).\u00a0<\/p>\n<p>\u201cConforme temos denunciado, a Caixa iludiu os empregados com o GDP, vendendo a ideia de que o programa seria um instrumento de aprimoramento dos empregados. Na verdade, o m\u00e9todo utilizado agrava a compara\u00e7\u00e3o entre pessoas da mesma equipe, individualizando um trabalho que \u00e9 coletivo; estabelece ranking interno, classificando os empregados de acordo com o desempenho individual; e gera alto estresse por conta do ass\u00e9dio, da press\u00e3o e da falta de empregados nas unidades\u201d, explica a dirigente. Fabiana reivindicou que os reflexos do GDP na sa\u00fade do trabalhador sejam debatidos de forma mais aprofundada no GT. Solicitou ainda informa\u00e7\u00f5es sobre adoecimento na Caixa e outros dados.\u00a0<\/p>\n<p>Na reuni\u00e3o os representantes da empresa fizeram relato dos programas e a\u00e7\u00f5es para prevenir o adoecimento e melhorar as condi\u00e7\u00f5es no ambiente de trabalho. Em 2018, segundo eles, pela primeira vez a preven\u00e7\u00e3o do suic\u00eddio foi tratada no banco, com atividades no Setembro Amarelo &#8211; quando ocorre em todo o pa\u00eds a\u00e7\u00f5es de conscientiza\u00e7\u00e3o para prevenir o suic\u00eddio. Outra iniciativa destacada \u00e9 o \u201ccoaching financeiro\u201d para os empregados que enfrentam problemas emocionais por conta de super endividamentos.<\/p>\n<p><strong>Adoecimento cr\u00f4nico<\/strong><\/p>\n<p>A\u00a0<strong>Pesquisa Sa\u00fade do Trabalhador<\/strong>, encomendada em 2018 pela Fenae, revela adoecimento cr\u00f4nico dos empregados da Caixa. Um em cada tr\u00eas empregados da Caixa diz ter apresentado algum problema de sa\u00fade em decorr\u00eancia do trabalho nos \u00faltimos 12 meses. Entre os que tiveram algum problema, 10,6% relataram depress\u00e3o. Doen\u00e7as causadas por estresse e doen\u00e7as psicol\u00f3gicas representam 60,5% dos casos. Entre os que tiveram problemas, 53% precisaram recorrer a algum medicamento. Os rem\u00e9dios mais usados foram os antidepressivos e ansiol\u00edticos (35,3%), anti-inflamat\u00f3rios (14,3%) e analg\u00e9sicos (7,6%).<\/p>\n<p>O estudo revela o quanto o modelo de gest\u00e3o do banco, a sobrecarga de trabalho e a aus\u00eancia de uma pol\u00edtica de sa\u00fade do trabalhador est\u00e3o prejudicando a vida de milhares de pessoas e provocando um verdadeiro quadro de adoecimento cr\u00f4nico na categoria.<\/p>\n<p>\u201cA luta por sa\u00fade e melhores condi\u00e7\u00f5es de trabalho \u00e9 uma das nossas prioridades e nossa inten\u00e7\u00e3o \u00e9 intensificar o debate \u00a0no GT sobre as quest\u00f5es que levam ao adoecimento da categoria e apresentar propostas para melhorar a qualidade de vida do trabalhador \u201c, acrescenta Fabiana Uehara.<\/p>\n<p>\u00a0<\/p>\n<\/div>\n<p id=\"page-author\"><span style=\"text-decoration: underline;\"><strong>Fonte: Fenae<\/strong><\/span><\/p>\n","protected":false},"excerpt":{"rendered":"<p>O\u00a0adoecimento dos empregados da Caixa Econ\u00f4mica Federal causados pelos impactos da sobrecarga de trabalho, amea\u00e7as de retirada de fun\u00e7\u00e3o e a cobran\u00e7a de metas abusivas foram alguns dos pontos abordados pelo GT Sa\u00fade do Trabalhador, grupo parit\u00e1rio formado por representantes dos trabalhadores e do banco.\u00a0 Previsto no Acordo Coletivo de Trabalho, o Grupo para tratar [&hellip;]<\/p>\n","protected":false},"author":2,"featured_media":6161,"comment_status":"","ping_status":"","sticky":false,"template":"","format":"standard","meta":{"footnotes":""},"categories":[3],"tags":[],"class_list":["post-6162","post","type-post","status-publish","format-standard","has-post-thumbnail","hentry","category-noticias"],"_links":{"self":[{"href":"https:\/\/hostnetart.com.br\/baixada\/wp-json\/wp\/v2\/posts\/6162","targetHints":{"allow":["GET"]}}],"collection":[{"href":"https:\/\/hostnetart.com.br\/baixada\/wp-json\/wp\/v2\/posts"}],"about":[{"href":"https:\/\/hostnetart.com.br\/baixada\/wp-json\/wp\/v2\/types\/post"}],"author":[{"embeddable":true,"href":"https:\/\/hostnetart.com.br\/baixada\/wp-json\/wp\/v2\/users\/2"}],"replies":[{"embeddable":true,"href":"https:\/\/hostnetart.com.br\/baixada\/wp-json\/wp\/v2\/comments?post=6162"}],"version-history":[{"count":0,"href":"https:\/\/hostnetart.com.br\/baixada\/wp-json\/wp\/v2\/posts\/6162\/revisions"}],"wp:featuredmedia":[{"embeddable":true,"href":"https:\/\/hostnetart.com.br\/baixada\/wp-json\/wp\/v2\/media\/6161"}],"wp:attachment":[{"href":"https:\/\/hostnetart.com.br\/baixada\/wp-json\/wp\/v2\/media?parent=6162"}],"wp:term":[{"taxonomy":"category","embeddable":true,"href":"https:\/\/hostnetart.com.br\/baixada\/wp-json\/wp\/v2\/categories?post=6162"},{"taxonomy":"post_tag","embeddable":true,"href":"https:\/\/hostnetart.com.br\/baixada\/wp-json\/wp\/v2\/tags?post=6162"}],"curies":[{"name":"wp","href":"https:\/\/api.w.org\/{rel}","templated":true}]}}