{"id":6158,"date":"2019-02-25T14:06:12","date_gmt":"2019-02-25T17:06:12","guid":{"rendered":"https:\/\/hostnetart.com.br\/baixada\/banco-do-brasil-pagara-plr-dia-7-de-marco\/"},"modified":"2019-02-25T14:06:12","modified_gmt":"2019-02-25T17:06:12","slug":"banco-do-brasil-pagara-plr-dia-7-de-marco","status":"publish","type":"post","link":"https:\/\/hostnetart.com.br\/baixada\/banco-do-brasil-pagara-plr-dia-7-de-marco\/","title":{"rendered":"Banco do Brasil pagar\u00e1 PLR dia 7 de mar\u00e7o"},"content":{"rendered":"<div class=\"content\">\n<p>A Participa\u00e7\u00e3o nos Lucros e Resultados &#8211; PLR do Banco do Brasil referente ao segundo semestre de 2018, ser\u00e1 paga aos funcion\u00e1rios no dia 07 de mar\u00e7o.<\/p>\n<p>O acordo coletivo prev\u00ea que o pagamento seja feito at\u00e9 10 dias depois do pagamento dos acionistas \u00a0ou da assinatura do acordo coletivo.<\/p>\n<p>Por dispositivos legais, a PLR n\u00e3o pode ser paga antes da distribui\u00e7\u00e3o aos acionistas. E, dado o hist\u00f3rico das negocia\u00e7\u00f5es com os Sindicatos, o pagamento \u00e9 feito no mesmo dia da distribui\u00e7\u00e3o aos acionistas.\u00a0<\/p>\n<p>\u201cA Contraf-CUT j\u00e1 fez a primeira reuni\u00e3o com o BB para analisar os crit\u00e9rios da distribui\u00e7\u00e3o e t\u00e3o logo seja aprovada no Conselho Diretor divulgaremos a tabela com os percentuais que ser\u00e3o pagos no dia 7 de mar\u00e7o, informa o Coordenador da Comiss\u00e3o de Empresa do Funcion\u00e1rios do BB, Wagner Nascimento.<\/p>\n<p>\u00a0<\/p>\n<\/div>\n<p id=\"page-author\"><strong>Fonte: Contraf-CUT<\/strong><\/p>\n","protected":false},"excerpt":{"rendered":"<p>A Participa\u00e7\u00e3o nos Lucros e Resultados &#8211; PLR do Banco do Brasil referente ao segundo semestre de 2018, ser\u00e1 paga aos funcion\u00e1rios no dia 07 de mar\u00e7o. O acordo coletivo prev\u00ea que o pagamento seja feito at\u00e9 10 dias depois do pagamento dos acionistas \u00a0ou da assinatura do acordo coletivo. Por dispositivos legais, a PLR [&hellip;]<\/p>\n","protected":false},"author":2,"featured_media":6157,"comment_status":"","ping_status":"","sticky":false,"template":"","format":"standard","meta":{"footnotes":""},"categories":[3],"tags":[],"class_list":["post-6158","post","type-post","status-publish","format-standard","has-post-thumbnail","hentry","category-noticias"],"_links":{"self":[{"href":"https:\/\/hostnetart.com.br\/baixada\/wp-json\/wp\/v2\/posts\/6158","targetHints":{"allow":["GET"]}}],"collection":[{"href":"https:\/\/hostnetart.com.br\/baixada\/wp-json\/wp\/v2\/posts"}],"about":[{"href":"https:\/\/hostnetart.com.br\/baixada\/wp-json\/wp\/v2\/types\/post"}],"author":[{"embeddable":true,"href":"https:\/\/hostnetart.com.br\/baixada\/wp-json\/wp\/v2\/users\/2"}],"replies":[{"embeddable":true,"href":"https:\/\/hostnetart.com.br\/baixada\/wp-json\/wp\/v2\/comments?post=6158"}],"version-history":[{"count":0,"href":"https:\/\/hostnetart.com.br\/baixada\/wp-json\/wp\/v2\/posts\/6158\/revisions"}],"wp:featuredmedia":[{"embeddable":true,"href":"https:\/\/hostnetart.com.br\/baixada\/wp-json\/wp\/v2\/media\/6157"}],"wp:attachment":[{"href":"https:\/\/hostnetart.com.br\/baixada\/wp-json\/wp\/v2\/media?parent=6158"}],"wp:term":[{"taxonomy":"category","embeddable":true,"href":"https:\/\/hostnetart.com.br\/baixada\/wp-json\/wp\/v2\/categories?post=6158"},{"taxonomy":"post_tag","embeddable":true,"href":"https:\/\/hostnetart.com.br\/baixada\/wp-json\/wp\/v2\/tags?post=6158"}],"curies":[{"name":"wp","href":"https:\/\/api.w.org\/{rel}","templated":true}]}}