{"id":6152,"date":"2019-02-25T14:02:36","date_gmt":"2019-02-25T17:02:36","guid":{"rendered":"https:\/\/hostnetart.com.br\/baixada\/bancos-privados-tem-papel-social-sobre-deficit-de-moradia\/"},"modified":"2019-02-25T14:02:36","modified_gmt":"2019-02-25T17:02:36","slug":"bancos-privados-tem-papel-social-sobre-deficit-de-moradia","status":"publish","type":"post","link":"https:\/\/hostnetart.com.br\/baixada\/bancos-privados-tem-papel-social-sobre-deficit-de-moradia\/","title":{"rendered":"Bancos privados t\u00eam papel social sobre d\u00e9ficit de moradia"},"content":{"rendered":"<div class=\"content\">\n<p>O combate \u00e0 especula\u00e7\u00e3o imobili\u00e1ria e a cobran\u00e7a da participa\u00e7\u00e3o dos bancos privados tamb\u00e9m devem ser pautas das pol\u00edticas p\u00fablicas\u00a0para garantir o direito \u00e0 moradia.\u00a0Essa \u00e9 a avalia\u00e7\u00e3o de especialistas que buscam\u00a0enfrentar o senso comum\u00a0de que &#8220;s\u00f3 quem acessa a moradia digna, \u00e9 quem pode pagar&#8221;.<\/p>\n<p>O semin\u00e1rio &#8216;O Direito de Morar e o Mercado Imobili\u00e1rio&#8217;, desta quarta-feira (21)\u00a0contou com a participa\u00e7\u00e3o de integrantes de movimentos de moradia, especialistas em urbanismo e trabalhadores do setor financeiro.<\/p>\n<p>Apesar do artigo 6\u00ba da Constitui\u00e7\u00e3o Federal de 1988 garantir a moradia como um direito de todo o cidad\u00e3o, o\u00a0<a href=\"https:\/\/www.redebrasilatual.com.br\/cidadania\/2019\/01\/deficit-habitacional-bate-recorde-e-movimento-de-moradia-ve-futuro-com-preocupacao\" target=\"_blank\" rel=\"noopener noreferrer\">d\u00e9ficit habitacional na cidade de S\u00e3o Paul<\/a>o, segundo dados da Secretaria Municipal de Habita\u00e7\u00e3o, \u00e9 de cerca de 360 mil fam\u00edlias, enquanto h\u00e1 aproximadamente 290 mil im\u00f3veis ociosos.<\/p>\n<p>&#8220;Apesar de sermos uma das maiores economias do mundo, n\u00f3s temos um\u00a0<a href=\"https:\/\/www.redebrasilatual.com.br\/economia\/2018\/12\/quase-30-milhoes-tem-moradias-inadequadas-e-10-milhoes-aluguel-excessivo\" target=\"_blank\" rel=\"noopener noreferrer\">mercado imobili\u00e1rio que n\u00e3o atende<\/a>\u00a0nem 50% da popula\u00e7\u00e3o. Aqui, quem precisa de subs\u00eddio \u00e9 a maioria. Porque temos um mercado imobili\u00e1rio altamente especulativo&#8221;, afirmou Erm\u00ednia Maricato, coordenadora do BRCidades, professora da Universidade de S\u00e3o Paulo (USP) e ex-secret\u00e1ria municipal de Habita\u00e7\u00e3o de Desenvolvimento Urbano de S\u00e3o Paulo.\u00a0<\/p>\n<p>Gustavo Tabatinga, secret\u00e1rio-geral da Confedera\u00e7\u00e3o Nacional dos Trabalhadores do Ramo Financeiro (Contraf-CUT) acredita que para al\u00e9m da Caixa Econ\u00f4mica Federal, que \u00e9 um banco p\u00fablico, os bancos privados tamb\u00e9m devem ter uma fun\u00e7\u00e3o social.<\/p>\n<p>&#8220;A gente n\u00e3o discute s\u00f3 a quest\u00e3o da Caixa Econ\u00f4mica como empresa que deve atender a moradia popular, mas o sistema financeiro inteiro deve ter essa fun\u00e7\u00e3o social. Eles operam no pa\u00eds sem deixar que a sociedade se aproprie das atividades&#8221;, disse.<\/p>\n<p>Uma pol\u00edtica p\u00fablica de moradia digna, n\u00e3o se restringe a constru\u00e7\u00e3o casas. Deve tamb\u00e9m lidar com a especula\u00e7\u00e3o imobili\u00e1ria e enfrentar as altas exorbitantes dos alugueis, comentou Josu\u00e9 Rocha, coordenador do Movimento dos Trabalhadores Sem Teto (MTST). &#8220;Apesar das milhares de casas constru\u00eddas, o d\u00e9ficit n\u00e3o caiu. Foi enfrentado o problema da falta de moradia, mas aumentaram o pre\u00e7o do aluguel. \u00c9 uma l\u00f3gica de especula\u00e7\u00e3o&#8221;, acrescentou.<\/p>\n<p>As ocupa\u00e7\u00f5es do MTST tamb\u00e9m cumprem\u00a0<a href=\"https:\/\/www.redebrasilatual.com.br\/cidadania\/2018\/05\/2018setor-imobiliario-nao-quer-pobre-morando-no-centro-de-sao-paulo2019\" target=\"_blank\" rel=\"noopener noreferrer\">um papel de den\u00fancia<\/a>, explicou Josu\u00e9. Como exemplo, ele\u00a0citou uma gleba ocupada pelo movimento, em 2014, no bairro de Itaquera. Apesar de a \u00e1rea de mais de 130 mil metros quadrados estar inserida no per\u00edmetro urbano, o terreno estava inscrito como propriedade rural, e por isso pagava apenas R$ 57 anuais de Imposto Sobre a Propriedade Territorial Rural.<\/p>\n<p>Ivone Silva, presidenta do Sindicato dos Banc\u00e1rios de S\u00e3o Paulo, destaca que todos os direitos da vida do trabalhador se relacionam, por isso, quando se discute direitos trabalhistas \u00e9 necess\u00e1rio tamb\u00e9m abordar moradia, educa\u00e7\u00e3o, transporte e previd\u00eancia. &#8220;Os bancos privados n\u00e3o financiam a moradia, s\u00f3 pensam em aumentar os lucros. Pior do que isso, eles n\u00e3o fazem investimento na agricultura e moradia porqu\u00ea n\u00e3o tem vantagem financeira.&#8221;<\/p>\n<\/div>\n<p id=\"page-author\"><strong>Fonte: Rede Brasil Atual<\/strong><\/p>\n","protected":false},"excerpt":{"rendered":"<p>O combate \u00e0 especula\u00e7\u00e3o imobili\u00e1ria e a cobran\u00e7a da participa\u00e7\u00e3o dos bancos privados tamb\u00e9m devem ser pautas das pol\u00edticas p\u00fablicas\u00a0para garantir o direito \u00e0 moradia.\u00a0Essa \u00e9 a avalia\u00e7\u00e3o de especialistas que buscam\u00a0enfrentar o senso comum\u00a0de que &#8220;s\u00f3 quem acessa a moradia digna, \u00e9 quem pode pagar&#8221;. O semin\u00e1rio &#8216;O Direito de Morar e o Mercado [&hellip;]<\/p>\n","protected":false},"author":2,"featured_media":6151,"comment_status":"","ping_status":"","sticky":false,"template":"","format":"standard","meta":{"footnotes":""},"categories":[3],"tags":[],"class_list":["post-6152","post","type-post","status-publish","format-standard","has-post-thumbnail","hentry","category-noticias"],"_links":{"self":[{"href":"https:\/\/hostnetart.com.br\/baixada\/wp-json\/wp\/v2\/posts\/6152","targetHints":{"allow":["GET"]}}],"collection":[{"href":"https:\/\/hostnetart.com.br\/baixada\/wp-json\/wp\/v2\/posts"}],"about":[{"href":"https:\/\/hostnetart.com.br\/baixada\/wp-json\/wp\/v2\/types\/post"}],"author":[{"embeddable":true,"href":"https:\/\/hostnetart.com.br\/baixada\/wp-json\/wp\/v2\/users\/2"}],"replies":[{"embeddable":true,"href":"https:\/\/hostnetart.com.br\/baixada\/wp-json\/wp\/v2\/comments?post=6152"}],"version-history":[{"count":0,"href":"https:\/\/hostnetart.com.br\/baixada\/wp-json\/wp\/v2\/posts\/6152\/revisions"}],"wp:featuredmedia":[{"embeddable":true,"href":"https:\/\/hostnetart.com.br\/baixada\/wp-json\/wp\/v2\/media\/6151"}],"wp:attachment":[{"href":"https:\/\/hostnetart.com.br\/baixada\/wp-json\/wp\/v2\/media?parent=6152"}],"wp:term":[{"taxonomy":"category","embeddable":true,"href":"https:\/\/hostnetart.com.br\/baixada\/wp-json\/wp\/v2\/categories?post=6152"},{"taxonomy":"post_tag","embeddable":true,"href":"https:\/\/hostnetart.com.br\/baixada\/wp-json\/wp\/v2\/tags?post=6152"}],"curies":[{"name":"wp","href":"https:\/\/api.w.org\/{rel}","templated":true}]}}