{"id":6142,"date":"2019-02-21T17:44:40","date_gmt":"2019-02-21T20:44:40","guid":{"rendered":"https:\/\/hostnetart.com.br\/baixada\/pedreiro-desafia-rodrigo-maia-trabalhe-30-dias-numa-obra-que-trabalho-ate-os-80\/"},"modified":"2019-02-21T17:44:40","modified_gmt":"2019-02-21T20:44:40","slug":"pedreiro-desafia-rodrigo-maia-trabalhe-30-dias-numa-obra-que-trabalho-ate-os-80","status":"publish","type":"post","link":"https:\/\/hostnetart.com.br\/baixada\/pedreiro-desafia-rodrigo-maia-trabalhe-30-dias-numa-obra-que-trabalho-ate-os-80\/","title":{"rendered":"Pedreiro desafia Rodrigo Maia: &#8216;Trabalhe 30 dias numa obra, que trabalho at\u00e9 os 80&#8217;"},"content":{"rendered":"<p>Ap\u00f3s o presidente da C\u00e2mara, deputado Rodrigo Maia (DEM-RJ,) prometer empenho pela aprova\u00e7\u00e3o da\u00a0<strong><a class=\"internal-link\" title=\"\" href=\"https:\/\/www.redebrasilatual.com.br\/trabalho\/2019\/02\/reforma-vai-criar-pais-de-velhos-pedindo-esmola-diz-economista\" target=\"_blank\" rel=\"noopener noreferrer\">reforma da Previd\u00eancia<\/a><\/strong>\u00a0e dizer que &#8220;todo mundo consegue trabalhar at\u00e9 os 80 anos&#8221;, \u00e0\u00a0<em><a class=\"external-link\" title=\"\" href=\"https:\/\/www.diariodocentrodomundo.com.br\/video-todo-mundo-consegue-trabalhar-ate-os-80-anos-diz-rodrigo-maia-na-globo-news\/\" target=\"_blank\" rel=\"noopener noreferrer\">Globo News<\/a><\/em>, um ajudante de pedreiro publicou nas redes sociais um v\u00eddeo em que desafia o parlamentar, &#8220;convidando&#8221; Maia a trabalhar um m\u00eas ao seu lado.\u00a0\u00a0<\/p>\n<p>&#8220;Se voc\u00ea passar 30 dias trabalhando aqui, eu abro m\u00e3o da aposentadoria. Ele disse que um homem pode trabalhar at\u00e9 os 80 anos, ent\u00e3o vem passar 30 dias comigo, comendo marmita e batendo concreto. Se voc\u00ea conseguir, eu trabalho at\u00e9 morrer\u00a0<a class=\"internal-link\" title=\"\" href=\"https:\/\/www.redebrasilatual.com.br\/politica\/2019\/02\/parlamentares-e-entidades-sociais-vao-relancar-frente-mista-de-defesa-da-previdencia-1\" target=\"_blank\" rel=\"noopener noreferrer\">sem me aposentar<\/a>&#8220;, afirma no v\u00eddeo, enquanto mistura a massa de cimento, areia e pedras.<\/p>\n<p>O pedreiro protesta contra a\u00a0<a class=\"internal-link\" title=\"\" href=\"https:\/\/www.redebrasilatual.com.br\/trabalho\/2019\/02\/maldades-da-reforma-de-bolsonaro-sao-parte-de-um-processo-de-destruicao-do-bem-estar-social\" target=\"_blank\" rel=\"noopener noreferrer\">proposta de reforma da Previd\u00eancia<\/a>\u00a0 que exige 40 anos de contribui\u00e7\u00e3o para que um trabalhador consiga se aposentar com 100% da m\u00e9dia dos sal\u00e1rios de todo esse per\u00edodo.\u00a0<\/p>\n<p>Maia\u00a0afirmou nesta quarta-feira (20) que a\u00a0<a class=\"internal-link\" title=\"\" href=\"https:\/\/www.redebrasilatual.com.br\/politica\/2019\/02\/entenda-como-sera-a-tramitacao-da-reforma-da-previdencia\" target=\"_blank\" rel=\"noopener noreferrer\">tramita\u00e7\u00e3o<\/a>\u00a0da reforma da Previd\u00eancia ser\u00e1 iniciada j\u00e1 na pr\u00f3xima ter\u00e7a (26), quando ser\u00e1 instalada a Comiss\u00e3o de Constitui\u00e7\u00e3o e Justi\u00e7a (CCJ) da Casa.\u00a0<\/p>\n<h3>Assista ao v\u00eddeo que circula nas redes sociais:\u00a0<a href=\"https:\/\/www.youtube.com\/watch?v=mJ9cU5sNKh0\">https:\/\/www.youtube.com\/watch?v=mJ9cU5sNKh0<\/a><\/h3>\n<p>\u00a0<\/p>\n<p><strong>Fonte: Rede Brasil Atual<\/strong><\/p>\n","protected":false},"excerpt":{"rendered":"<p>Ap\u00f3s o presidente da C\u00e2mara, deputado Rodrigo Maia (DEM-RJ,) prometer empenho pela aprova\u00e7\u00e3o da\u00a0reforma da Previd\u00eancia\u00a0e dizer que &#8220;todo mundo consegue trabalhar at\u00e9 os 80 anos&#8221;, \u00e0\u00a0Globo News, um ajudante de pedreiro publicou nas redes sociais um v\u00eddeo em que desafia o parlamentar, &#8220;convidando&#8221; Maia a trabalhar um m\u00eas ao seu lado.\u00a0\u00a0 &#8220;Se voc\u00ea passar [&hellip;]<\/p>\n","protected":false},"author":2,"featured_media":6141,"comment_status":"","ping_status":"","sticky":false,"template":"","format":"standard","meta":{"footnotes":""},"categories":[3],"tags":[],"class_list":["post-6142","post","type-post","status-publish","format-standard","has-post-thumbnail","hentry","category-noticias"],"_links":{"self":[{"href":"https:\/\/hostnetart.com.br\/baixada\/wp-json\/wp\/v2\/posts\/6142","targetHints":{"allow":["GET"]}}],"collection":[{"href":"https:\/\/hostnetart.com.br\/baixada\/wp-json\/wp\/v2\/posts"}],"about":[{"href":"https:\/\/hostnetart.com.br\/baixada\/wp-json\/wp\/v2\/types\/post"}],"author":[{"embeddable":true,"href":"https:\/\/hostnetart.com.br\/baixada\/wp-json\/wp\/v2\/users\/2"}],"replies":[{"embeddable":true,"href":"https:\/\/hostnetart.com.br\/baixada\/wp-json\/wp\/v2\/comments?post=6142"}],"version-history":[{"count":0,"href":"https:\/\/hostnetart.com.br\/baixada\/wp-json\/wp\/v2\/posts\/6142\/revisions"}],"wp:featuredmedia":[{"embeddable":true,"href":"https:\/\/hostnetart.com.br\/baixada\/wp-json\/wp\/v2\/media\/6141"}],"wp:attachment":[{"href":"https:\/\/hostnetart.com.br\/baixada\/wp-json\/wp\/v2\/media?parent=6142"}],"wp:term":[{"taxonomy":"category","embeddable":true,"href":"https:\/\/hostnetart.com.br\/baixada\/wp-json\/wp\/v2\/categories?post=6142"},{"taxonomy":"post_tag","embeddable":true,"href":"https:\/\/hostnetart.com.br\/baixada\/wp-json\/wp\/v2\/tags?post=6142"}],"curies":[{"name":"wp","href":"https:\/\/api.w.org\/{rel}","templated":true}]}}