{"id":614,"date":"2014-02-06T00:00:00","date_gmt":"2014-02-06T02:00:00","guid":{"rendered":"https:\/\/hostnetart.com.br\/baixada\/inscricoes-para-auxilio-educacao-do-itau-sao-prorrogadas-ate-dia-14\/"},"modified":"2014-02-06T00:00:00","modified_gmt":"2014-02-06T02:00:00","slug":"inscricoes-para-auxilio-educacao-do-itau-sao-prorrogadas-ate-dia-14","status":"publish","type":"post","link":"https:\/\/hostnetart.com.br\/baixada\/inscricoes-para-auxilio-educacao-do-itau-sao-prorrogadas-ate-dia-14\/","title":{"rendered":"Inscri\u00e7\u00f5es para aux\u00edlio educa\u00e7\u00e3o do Ita\u00fa s\u00e3o prorrogadas at\u00e9 dia 14"},"content":{"rendered":"<p>As inscri\u00e7\u00f5es para as bolsas de aux\u00edlio educa\u00e7\u00e3o foram prorrogadas pelo Ita\u00fa at\u00e9 o pr\u00f3ximo dia 14. No \u00faltimo levantamento parcial do banco, j\u00e1 havia 6.500 funcion\u00e1rios inscritos.<\/p>\n<p>\u201cO aux\u00edlio educa\u00e7\u00e3o \u00e9 uma das principais conquistas dos funcion\u00e1rios do Ita\u00fa e conseguimos estend\u00ea-lo para a segunda gradua\u00e7\u00e3o e para a p\u00f3s, al\u00e9m de garantir uma cota para pessoas com defici\u00eancia\u201d, relembra Wanderley Crivellari, integrante da coordena\u00e7\u00e3o da Comiss\u00e3o de Organiza\u00e7\u00e3o dos Empregados (COE) do Ita\u00fa.<\/p>\n<p>Conforme o representante nacional dos trabalhadores, o aux\u00edlio-educa\u00e7\u00e3o \u00e9 composto por 5.500 bolsas, das quais 5 mil destinadas a banc\u00e1rios e 500 para trabalhadores n\u00e3o banc\u00e1rios da holding. Destas, 1.000 s\u00e3o destinadas preferencialmente para pessoas com defici\u00eancia. O valor de cada bolsa ser\u00e1 de R$ 320 por m\u00eas.<\/p>\n<p>Fonte: Contraf-CUT<\/p>\n","protected":false},"excerpt":{"rendered":"<p>As inscri\u00e7\u00f5es para as bolsas de aux\u00edlio educa\u00e7\u00e3o foram prorrogadas pelo Ita\u00fa at\u00e9 o pr\u00f3ximo dia 14. No \u00faltimo levantamento parcial do banco, j\u00e1 havia 6.500 funcion\u00e1rios inscritos. \u201cO aux\u00edlio educa\u00e7\u00e3o \u00e9 uma das principais conquistas dos funcion\u00e1rios do Ita\u00fa e conseguimos estend\u00ea-lo para a segunda gradua\u00e7\u00e3o e para a p\u00f3s, al\u00e9m de garantir uma [&hellip;]<\/p>\n","protected":false},"author":1,"featured_media":0,"comment_status":"","ping_status":"","sticky":false,"template":"","format":"standard","meta":{"footnotes":""},"categories":[3],"tags":[],"class_list":["post-614","post","type-post","status-publish","format-standard","hentry","category-noticias"],"_links":{"self":[{"href":"https:\/\/hostnetart.com.br\/baixada\/wp-json\/wp\/v2\/posts\/614","targetHints":{"allow":["GET"]}}],"collection":[{"href":"https:\/\/hostnetart.com.br\/baixada\/wp-json\/wp\/v2\/posts"}],"about":[{"href":"https:\/\/hostnetart.com.br\/baixada\/wp-json\/wp\/v2\/types\/post"}],"author":[{"embeddable":true,"href":"https:\/\/hostnetart.com.br\/baixada\/wp-json\/wp\/v2\/users\/1"}],"replies":[{"embeddable":true,"href":"https:\/\/hostnetart.com.br\/baixada\/wp-json\/wp\/v2\/comments?post=614"}],"version-history":[{"count":0,"href":"https:\/\/hostnetart.com.br\/baixada\/wp-json\/wp\/v2\/posts\/614\/revisions"}],"wp:attachment":[{"href":"https:\/\/hostnetart.com.br\/baixada\/wp-json\/wp\/v2\/media?parent=614"}],"wp:term":[{"taxonomy":"category","embeddable":true,"href":"https:\/\/hostnetart.com.br\/baixada\/wp-json\/wp\/v2\/categories?post=614"},{"taxonomy":"post_tag","embeddable":true,"href":"https:\/\/hostnetart.com.br\/baixada\/wp-json\/wp\/v2\/tags?post=614"}],"curies":[{"name":"wp","href":"https:\/\/api.w.org\/{rel}","templated":true}]}}