{"id":6134,"date":"2019-02-21T13:39:51","date_gmt":"2019-02-21T16:39:51","guid":{"rendered":"https:\/\/hostnetart.com.br\/baixada\/na-previa-da-inflacao-mensalidade-escolar-puxa-alta-e-alimentos-sobem-menos\/"},"modified":"2019-02-21T13:39:51","modified_gmt":"2019-02-21T16:39:51","slug":"na-previa-da-inflacao-mensalidade-escolar-puxa-alta-e-alimentos-sobem-menos","status":"publish","type":"post","link":"https:\/\/hostnetart.com.br\/baixada\/na-previa-da-inflacao-mensalidade-escolar-puxa-alta-e-alimentos-sobem-menos\/","title":{"rendered":"Na &#8216;pr\u00e9via&#8217; da infla\u00e7\u00e3o, mensalidade escolar puxa alta e alimentos sobem menos"},"content":{"rendered":"<p>O \u00cdndice Nacional de Pre\u00e7os ao Consumidor Amplo 15 (IPCA-15), &#8220;pr\u00e9via&#8221; da infla\u00e7\u00e3o oficial, variou 0,34% no segundo m\u00eas do ano, acima de janeiro (0,30%), mas junto com a registrada em 2000 teve a menor taxa para fevereiro desde o in\u00edcio do Plano Real. Segundo o IBGE, que divulgou os resultados nesta quinta-feira (21), o acumulado em 2019 est\u00e1 em 0,64%. Em 12 meses, vai a 3,73%.<\/p>\n<p>Quase metade do resultado de fevereiro se deve \u00e0s mensalidades dos cursos regulares, que subiram 4,60% e representaram impacto de 0,15 ponto percentual. O grupo Educa\u00e7\u00e3o teve alta de 3,52%, ainda com eleva\u00e7\u00e3o m\u00e9dia de 3,16% em cursos diversos.<\/p>\n<p>O grupo de maior peso no \u00edndice geral, Alimenta\u00e7\u00e3o e Bebidas, subiu menos (0,64%, ante 0,87%). O item carnes, por exemplo, foi de 1,72% para -0,28%, enquanto o tomate caiu ainda mais, de -8,16% para -20,32%.<\/p>\n<p>A maior alta foi do feij\u00e3o carioca: 34,56%, com impacto de 0,06 ponto no IPCA-15. Tamb\u00e9m subiram itens como batata inglesa (12,39%) e frutas (2,33%).\u00a0Comer fora ficou 0,58% mais caro.\u00a0<\/p>\n<p>Transportes variou -0,46%, com o pre\u00e7o da gasolina caindo pelo terceiro m\u00eas seguido, agora em 2,43%, e impacto de -0,11 ponto na taxa geral. O IBGE apurou ainda quedas do etanol\u00a0(-1,31%) e do \u00f3leo diesel\u00a0(-0,15%). O g\u00e1s veicular subiu 3,21%, influenciando pelo aumento verificado na\u00a0regi\u00e3o metropolitana de\u00a0S\u00e3o Paulo\u00a0(8,27%).<\/p>\n<p>Ainda nesse grupo, as tarifas de \u00f4nibus urbanas subiram 2,50% neste m\u00eas. E os intermunicipais tiveram alta de 1,54%. S\u00e3o Paulo teve ainda reajustes nas tarifas de trem e de metr\u00f4 (6,70%), enquanto na regi\u00e3o metropolitana do Rio de Janeiro houve aumento m\u00e9dio de 4,26% no t\u00e1xi e reajuste de 9,52% nas passagens de trem. J\u00e1 as passagens a\u00e9reas ca\u00edram 16,53%, representando o segundo maior impacto negativo do m\u00eas (-0,08 ponto).<\/p>\n<p>No grupo Habita\u00e7\u00e3o\u00a0(0,18%), a energia el\u00e9trica\u00a0subiu 0,38% depois de quatro quedas consecutivas. O item variou de -0,99% (Curitiba) a 3,16% (Fortaleza). O g\u00e1s encanado subiu 3,91%, em m\u00e9dia, com reajustes no Rio e em S\u00e3o Paulo.\u00a0<\/p>\n<p>Vestu\u00e1rio teve defla\u00e7\u00e3o (-0,92%). O instituto apurou quedas tanto nos pre\u00e7os das roupas femininas\u00a0(-1,40%) como das\u00a0masculinas\u00a0(-0,76%) e\u00a0infantis\u00a0(-0,99%). Os cal\u00e7ados ca\u00edram 0,80%.<\/p>\n<p>Entre as regi\u00f5es pesquisadas, Goi\u00e2nia e Bras\u00edlia tiveram defla\u00e7\u00e3o: -0,04% e -0,15%, respectivamente. A maior taxa foi a de Bel\u00e9m: 0,63%, com altas do feij\u00e3o carioca (nesse caso, de 50,08%) e dos cursos regulares. No Rio e em S\u00e3o Paulo, a taxa foi de 0,41%.<\/p>\n<p>O \u00cdndice Nacional de Pre\u00e7os ao Consumidor Amplo (IPCA) e o \u00cdndice Nacional de Pre\u00e7os ao Consumidor (INPC) deste m\u00eas ser\u00e3o divulgados em 12 de mar\u00e7o.<\/p>\n<p>\u00a0<\/p>\n<p><strong>Fonte: Rede Brasil Atual<\/strong><\/p>\n","protected":false},"excerpt":{"rendered":"<p>O \u00cdndice Nacional de Pre\u00e7os ao Consumidor Amplo 15 (IPCA-15), &#8220;pr\u00e9via&#8221; da infla\u00e7\u00e3o oficial, variou 0,34% no segundo m\u00eas do ano, acima de janeiro (0,30%), mas junto com a registrada em 2000 teve a menor taxa para fevereiro desde o in\u00edcio do Plano Real. Segundo o IBGE, que divulgou os resultados nesta quinta-feira (21), o [&hellip;]<\/p>\n","protected":false},"author":2,"featured_media":6133,"comment_status":"","ping_status":"","sticky":false,"template":"","format":"standard","meta":{"footnotes":""},"categories":[3],"tags":[],"class_list":["post-6134","post","type-post","status-publish","format-standard","has-post-thumbnail","hentry","category-noticias"],"_links":{"self":[{"href":"https:\/\/hostnetart.com.br\/baixada\/wp-json\/wp\/v2\/posts\/6134","targetHints":{"allow":["GET"]}}],"collection":[{"href":"https:\/\/hostnetart.com.br\/baixada\/wp-json\/wp\/v2\/posts"}],"about":[{"href":"https:\/\/hostnetart.com.br\/baixada\/wp-json\/wp\/v2\/types\/post"}],"author":[{"embeddable":true,"href":"https:\/\/hostnetart.com.br\/baixada\/wp-json\/wp\/v2\/users\/2"}],"replies":[{"embeddable":true,"href":"https:\/\/hostnetart.com.br\/baixada\/wp-json\/wp\/v2\/comments?post=6134"}],"version-history":[{"count":0,"href":"https:\/\/hostnetart.com.br\/baixada\/wp-json\/wp\/v2\/posts\/6134\/revisions"}],"wp:featuredmedia":[{"embeddable":true,"href":"https:\/\/hostnetart.com.br\/baixada\/wp-json\/wp\/v2\/media\/6133"}],"wp:attachment":[{"href":"https:\/\/hostnetart.com.br\/baixada\/wp-json\/wp\/v2\/media?parent=6134"}],"wp:term":[{"taxonomy":"category","embeddable":true,"href":"https:\/\/hostnetart.com.br\/baixada\/wp-json\/wp\/v2\/categories?post=6134"},{"taxonomy":"post_tag","embeddable":true,"href":"https:\/\/hostnetart.com.br\/baixada\/wp-json\/wp\/v2\/tags?post=6134"}],"curies":[{"name":"wp","href":"https:\/\/api.w.org\/{rel}","templated":true}]}}