{"id":6126,"date":"2019-02-20T23:58:57","date_gmt":"2019-02-21T02:58:57","guid":{"rendered":"https:\/\/hostnetart.com.br\/baixada\/contraf-cut-orienta-retorno-das-sessoes-de-ccv-com-o-banco-do-brasil\/"},"modified":"2019-02-20T23:58:57","modified_gmt":"2019-02-21T02:58:57","slug":"contraf-cut-orienta-retorno-das-sessoes-de-ccv-com-o-banco-do-brasil","status":"publish","type":"post","link":"https:\/\/hostnetart.com.br\/baixada\/contraf-cut-orienta-retorno-das-sessoes-de-ccv-com-o-banco-do-brasil\/","title":{"rendered":"Contraf-CUT orienta retorno das sess\u00f5es de CCV com o Banco do Brasil"},"content":{"rendered":"<div class=\"content\">\n<p>Depois de reuni\u00f5es e negocia\u00e7\u00e3o da Comiss\u00e3o de Empresa e o Banco do Brasil sobre as diverg\u00eancias acerca dos prazos dos termos de concilia\u00e7\u00e3o nos acordos das Comiss\u00f5es de Concilia\u00e7\u00e3o Volunt\u00e1ria (CCV), foi acordado o retorno das sess\u00f5es nos sindicatos.<\/p>\n<p>Houve entendimento de que os termos de concilia\u00e7\u00e3o deveriam contemplar os prazos anteriormente utilizados, propiciando o retorno das sess\u00f5es de concilia\u00e7\u00e3o.<\/p>\n<p>Segundo Wagner Nascimento, coordenador da Comiss\u00e3o de Empresa dos Funcion\u00e1rios do BB, a Contraf-CUT enviar\u00e1 aos sindicatos orienta\u00e7\u00e3o para que se retorne as sess\u00f5es e o recebimento de novos pedidos de CCV a partir desta data.<\/p>\n<\/div>\n<p id=\"page-author\"><strong>Fonte: Contraf-CUT<\/strong><\/p>\n","protected":false},"excerpt":{"rendered":"<p>Depois de reuni\u00f5es e negocia\u00e7\u00e3o da Comiss\u00e3o de Empresa e o Banco do Brasil sobre as diverg\u00eancias acerca dos prazos dos termos de concilia\u00e7\u00e3o nos acordos das Comiss\u00f5es de Concilia\u00e7\u00e3o Volunt\u00e1ria (CCV), foi acordado o retorno das sess\u00f5es nos sindicatos. Houve entendimento de que os termos de concilia\u00e7\u00e3o deveriam contemplar os prazos anteriormente utilizados, propiciando [&hellip;]<\/p>\n","protected":false},"author":2,"featured_media":6125,"comment_status":"","ping_status":"","sticky":false,"template":"","format":"standard","meta":{"footnotes":""},"categories":[3],"tags":[],"class_list":["post-6126","post","type-post","status-publish","format-standard","has-post-thumbnail","hentry","category-noticias"],"_links":{"self":[{"href":"https:\/\/hostnetart.com.br\/baixada\/wp-json\/wp\/v2\/posts\/6126","targetHints":{"allow":["GET"]}}],"collection":[{"href":"https:\/\/hostnetart.com.br\/baixada\/wp-json\/wp\/v2\/posts"}],"about":[{"href":"https:\/\/hostnetart.com.br\/baixada\/wp-json\/wp\/v2\/types\/post"}],"author":[{"embeddable":true,"href":"https:\/\/hostnetart.com.br\/baixada\/wp-json\/wp\/v2\/users\/2"}],"replies":[{"embeddable":true,"href":"https:\/\/hostnetart.com.br\/baixada\/wp-json\/wp\/v2\/comments?post=6126"}],"version-history":[{"count":0,"href":"https:\/\/hostnetart.com.br\/baixada\/wp-json\/wp\/v2\/posts\/6126\/revisions"}],"wp:featuredmedia":[{"embeddable":true,"href":"https:\/\/hostnetart.com.br\/baixada\/wp-json\/wp\/v2\/media\/6125"}],"wp:attachment":[{"href":"https:\/\/hostnetart.com.br\/baixada\/wp-json\/wp\/v2\/media?parent=6126"}],"wp:term":[{"taxonomy":"category","embeddable":true,"href":"https:\/\/hostnetart.com.br\/baixada\/wp-json\/wp\/v2\/categories?post=6126"},{"taxonomy":"post_tag","embeddable":true,"href":"https:\/\/hostnetart.com.br\/baixada\/wp-json\/wp\/v2\/tags?post=6126"}],"curies":[{"name":"wp","href":"https:\/\/api.w.org\/{rel}","templated":true}]}}