{"id":6124,"date":"2019-02-20T23:57:01","date_gmt":"2019-02-21T02:57:01","guid":{"rendered":"https:\/\/hostnetart.com.br\/baixada\/coletivo-juridico-da-contraf-cut-debate-os-impactos-das-reformas-da-trabalhista-e-da-previdencia\/"},"modified":"2019-02-20T23:57:01","modified_gmt":"2019-02-21T02:57:01","slug":"coletivo-juridico-da-contraf-cut-debate-os-impactos-das-reformas-da-trabalhista-e-da-previdencia","status":"publish","type":"post","link":"https:\/\/hostnetart.com.br\/baixada\/coletivo-juridico-da-contraf-cut-debate-os-impactos-das-reformas-da-trabalhista-e-da-previdencia\/","title":{"rendered":"Coletivo Jur\u00eddico da Contraf-CUT debate os impactos das Reformas da Trabalhista e da Previd\u00eancia"},"content":{"rendered":"<div class=\"content\">\n<p>O Coletivo Jur\u00eddico da Contraf-CUT abordou na tarde desta ter\u00e7a-feira (19) o tema: Reforma da Previd\u00eancia. O ex-ministro da Previd\u00eancia Social, Carlos Gabas, falou sobre o desmonte da Previd\u00eancia Social e explicou os impactos da Reforma da Previd\u00eancia na vida dos trabalhadores.<\/p>\n<p>De acordo com o ex-ministro, o governo atual quer copiar o modelo chileno de Previd\u00eancia, que pressup\u00f5e o fim da contribui\u00e7\u00e3o das empresas e do governo e a passaria apenas para a contribui\u00e7\u00e3o individual do trabalhador. \u201cO modelo que o governo atual quer implantar n\u00e3o pensa no povo, \u00e9 apenas para beneficiar meia d\u00fazia e concentrar a riqueza. Precisamos questionar para que serve ou \u00e0 quem serve o Estado brasileiro? \u201d, questionou.<\/p>\n<p>Gabas comentou que ainda \u00e9 preciso fazer muita discuss\u00e3o antes de afirmar que a mulher dever\u00e1 trabalhar at\u00e9 65 anos ou que o trabalhador deve ter uma contribui\u00e7\u00e3o individual. \u201cO nosso modelo de prote\u00e7\u00e3o social \u00e9 um dos melhores do mundo. O Estado tem que estar \u00e0 servi\u00e7o do cidad\u00e3o. Essa nossa cren\u00e7a e o nosso trabalho deu t\u00e3o certo, n\u00e3o s\u00f3 pelas pessoas que foram tiradas da pobreza, mas pelas transforma\u00e7\u00f5es mais profundas que irritaram a elite, como: quando a filha da dom\u00e9stica virou m\u00e9dica e quando o filho do pedreiro virou engenheiro\u201d, disse.<\/p>\n<p><strong>Reforma Trabalhista<\/strong><\/p>\n<p>O Departamento Intersindical de Estat\u00edstica e Estudos Socioecon\u00f4micos\u00a0(Dieese) fez uma apresenta\u00e7\u00e3o com dados sobre os processos trabalhistas nos bancos p\u00f3s-reforma. \u00a0Ap\u00f3s a implanta\u00e7\u00e3o da nova lei, os bancos apresentaram 53,4% menos a\u00e7\u00f5es trabalhistas, o que significa que o setor financeiro obteve a maior queda percentual de novos processos.<\/p>\n<p>A reuni\u00e3o terminou com a participa\u00e7\u00e3o do Dr. Wilson Ramos Filho, professor de Direito do Trabalho na UFPR\/UFRJ, que abordou a Reforma Trabalhista e a amea\u00e7a da instin\u00e7\u00e3o da Justi\u00e7a do Trabalho.<\/p>\n<p>Para o secret\u00e1rio de Assuntos Jur\u00eddicos da Contraf-CUT, Mauri Sergio de Souza, \u00e9 importante que os trabalhadores continuem a debater no judici\u00e1rio as teses favor\u00e1veis aos trabalhadores. \u201cPrecisamos discutir as quest\u00f5es: livre acesso \u00e0 justi\u00e7a, manuten\u00e7\u00e3o da justi\u00e7a gratuita e manuten\u00e7\u00e3o dos direitos pr\u00e9-reforma trabalhista. A Justi\u00e7a do Trabalho s\u00f3 ser\u00e1 relevante se continuar a modular os interesses dos trabalhadores\u201d, afirmou.<\/p>\n<p>De acordo com Mauri, o Coletivo Jur\u00eddico se prepara para a realiza\u00e7\u00e3o do 2\u00ba Semin\u00e1rio Jur\u00eddico da Contraf-CUT neste ano.<\/p>\n<p>\u00a0<\/p>\n<p>\u00a0<\/p>\n<p>\u00a0<\/p>\n<\/div>\n<p id=\"page-author\"><span style=\"text-decoration: underline;\"><strong>Fonte: Contraf-CUT<\/strong><\/span><\/p>\n","protected":false},"excerpt":{"rendered":"<p>O Coletivo Jur\u00eddico da Contraf-CUT abordou na tarde desta ter\u00e7a-feira (19) o tema: Reforma da Previd\u00eancia. O ex-ministro da Previd\u00eancia Social, Carlos Gabas, falou sobre o desmonte da Previd\u00eancia Social e explicou os impactos da Reforma da Previd\u00eancia na vida dos trabalhadores. De acordo com o ex-ministro, o governo atual quer copiar o modelo chileno [&hellip;]<\/p>\n","protected":false},"author":2,"featured_media":6123,"comment_status":"","ping_status":"","sticky":false,"template":"","format":"standard","meta":{"footnotes":""},"categories":[3],"tags":[],"class_list":["post-6124","post","type-post","status-publish","format-standard","has-post-thumbnail","hentry","category-noticias"],"_links":{"self":[{"href":"https:\/\/hostnetart.com.br\/baixada\/wp-json\/wp\/v2\/posts\/6124","targetHints":{"allow":["GET"]}}],"collection":[{"href":"https:\/\/hostnetart.com.br\/baixada\/wp-json\/wp\/v2\/posts"}],"about":[{"href":"https:\/\/hostnetart.com.br\/baixada\/wp-json\/wp\/v2\/types\/post"}],"author":[{"embeddable":true,"href":"https:\/\/hostnetart.com.br\/baixada\/wp-json\/wp\/v2\/users\/2"}],"replies":[{"embeddable":true,"href":"https:\/\/hostnetart.com.br\/baixada\/wp-json\/wp\/v2\/comments?post=6124"}],"version-history":[{"count":0,"href":"https:\/\/hostnetart.com.br\/baixada\/wp-json\/wp\/v2\/posts\/6124\/revisions"}],"wp:featuredmedia":[{"embeddable":true,"href":"https:\/\/hostnetart.com.br\/baixada\/wp-json\/wp\/v2\/media\/6123"}],"wp:attachment":[{"href":"https:\/\/hostnetart.com.br\/baixada\/wp-json\/wp\/v2\/media?parent=6124"}],"wp:term":[{"taxonomy":"category","embeddable":true,"href":"https:\/\/hostnetart.com.br\/baixada\/wp-json\/wp\/v2\/categories?post=6124"},{"taxonomy":"post_tag","embeddable":true,"href":"https:\/\/hostnetart.com.br\/baixada\/wp-json\/wp\/v2\/tags?post=6124"}],"curies":[{"name":"wp","href":"https:\/\/api.w.org\/{rel}","templated":true}]}}