{"id":6116,"date":"2019-02-19T13:35:52","date_gmt":"2019-02-19T16:35:52","guid":{"rendered":"https:\/\/hostnetart.com.br\/baixada\/previa-do-pib-de-1-15-para-2018-indica-estagnacao-segundo-dieese\/"},"modified":"2019-02-19T13:35:52","modified_gmt":"2019-02-19T16:35:52","slug":"previa-do-pib-de-1-15-para-2018-indica-estagnacao-segundo-dieese","status":"publish","type":"post","link":"https:\/\/hostnetart.com.br\/baixada\/previa-do-pib-de-1-15-para-2018-indica-estagnacao-segundo-dieese\/","title":{"rendered":"&#8216;Pr\u00e9via&#8217; do PIB de 1,15% para 2018 indica &#8216;estagna\u00e7\u00e3o&#8217;, segundo Dieese"},"content":{"rendered":"<p>A economia brasileira cresceu 1,15% em 2018, segundo o\u00a0\u00cdndice de Atividade Econ\u00f4mica (IBC-Br) divulgado pelo Banco Central na \u00faltima sexta-feira (15). Esse \u00edndice funciona como uma\u00a0<strong>&#8220;pr\u00e9via&#8221; do PIB<\/strong>\u00a0(Produto Interno Bruto) oficial, que ser\u00e1 anunciado pelo IBGE no pr\u00f3ximo dia 28.\u00a0Para o diretor t\u00e9cnico do Dieese, Clemente Ganz L\u00facio, os n\u00fameros do BC indicam que a economia ficou &#8220;praticamente estagnada&#8221; e segue &#8220;andando de lado&#8221;.\u00a0<\/p>\n<p>Entre as causas, explica Clemente em coment\u00e1rio na\u00a0<strong>R\u00e1dio Brasil Atual<\/strong>\u00a0nesta segunda-feira (18), est\u00e1 a falta de &#8220;dinamismo&#8221; no consumo das fam\u00edlias, que n\u00e3o avan\u00e7a devido \u00e0s elevadas taxas de\u00a0<a class=\"internal-link\" title=\"\" href=\"https:\/\/www.redebrasilatual.com.br\/economia\/2019\/01\/desemprego-para-de-subir-em-2018-mas-informalidade-e-desalento-disparam\" target=\"_blank\" rel=\"noopener noreferrer\">desemprego<\/a>\u00a0e o crescimento do\u00a0<a class=\"internal-link\" title=\"\" href=\"https:\/\/www.redebrasilatual.com.br\/economia\/2019\/02\/informalidade-tambem-puxa-para-baixo-contribuicoes-a-previdencia\" target=\"_blank\" rel=\"noopener noreferrer\">emprego informal<\/a>, o que leva a quedas sucessivas do\u00a0<a class=\"internal-link\" title=\"\" href=\"https:\/\/www.redebrasilatual.com.br\/economia\/2019\/01\/concentrado-em-servicos-mercado-formal-cresce-em-2018-pagando-menos\" target=\"_blank\" rel=\"noopener noreferrer\">setor de servi\u00e7os<\/a>, respons\u00e1vel por quase 60% da movimenta\u00e7\u00e3o da economia brasileira. Em 2017, o crescimento do PIB foi de\u00a0<a class=\"internal-link\" title=\"\" href=\"https:\/\/www.redebrasilatual.com.br\/economia\/2018\/03\/com-industria-e-servicos-estagnados-agropecuaria-puxa-o-pib-investimento-cai\" target=\"_blank\" rel=\"noopener noreferrer\">apenas 1%<\/a>.<\/p>\n<p>Ele tamb\u00e9m aponta a\u00a0<a class=\"internal-link\" title=\"\" href=\"https:\/\/www.redebrasilatual.com.br\/economia\/2018\/12\/retomada-economia-pos-crise\" target=\"_blank\" rel=\"noopener noreferrer\">queda de investimentos<\/a>\u00a0do governo federal em infraestrutura, e em contrata\u00e7\u00f5es de pessoal. No setor privado, as empresas tamb\u00e9m n\u00e3o investem, devido \u00e0 &#8220;capacidade ociosa&#8221; do setor, quando a base produtiva das ind\u00fastrias ainda n\u00e3o foi totalmente utilizada.<\/p>\n<p>Com todas as &#8220;locomotivas&#8221; do crescimento &#8220;com os p\u00e9s no freio&#8221;, a consequ\u00eancia \u00e9 a manuten\u00e7\u00e3o do &#8220;baixo dinamismo&#8221; no mercado de trabalho. &#8220;Os postos de trabalho, quando aparecem, s\u00e3o prec\u00e1rios, informais, com baixa remunera\u00e7\u00e3o e alta rotatividade. A ind\u00fastria n\u00e3o contrata, o setor p\u00fablico tamb\u00e9m vem bloqueando contrata\u00e7\u00f5es. Soma-se a isso o aumento da terceiriza\u00e7\u00e3o, que precariza sal\u00e1rios e condi\u00e7\u00f5es de trabalho.&#8221;<\/p>\n<p>Segundo o diretor do Dieese, a situa\u00e7\u00e3o econ\u00f4mica em 2019 n\u00e3o deve mudar radicalmente. &#8220;Pelo contr\u00e1rio, cada vez mais os analistas come\u00e7am a estimar crescimento abaixo de 2%. O que configuraria mais um ano de baixo crescimento econ\u00f4mico, o que \u00e9 muito perverso para os trabalhadores especialmente&#8221;, afirma.<\/p>\n<p>\u00a0<\/p>\n<p><strong>Fonte: Rede Brasil Atual<\/strong><\/p>\n","protected":false},"excerpt":{"rendered":"<p>A economia brasileira cresceu 1,15% em 2018, segundo o\u00a0\u00cdndice de Atividade Econ\u00f4mica (IBC-Br) divulgado pelo Banco Central na \u00faltima sexta-feira (15). Esse \u00edndice funciona como uma\u00a0&#8220;pr\u00e9via&#8221; do PIB\u00a0(Produto Interno Bruto) oficial, que ser\u00e1 anunciado pelo IBGE no pr\u00f3ximo dia 28.\u00a0Para o diretor t\u00e9cnico do Dieese, Clemente Ganz L\u00facio, os n\u00fameros do BC indicam que a [&hellip;]<\/p>\n","protected":false},"author":2,"featured_media":6115,"comment_status":"","ping_status":"","sticky":false,"template":"","format":"standard","meta":{"footnotes":""},"categories":[3],"tags":[],"class_list":["post-6116","post","type-post","status-publish","format-standard","has-post-thumbnail","hentry","category-noticias"],"_links":{"self":[{"href":"https:\/\/hostnetart.com.br\/baixada\/wp-json\/wp\/v2\/posts\/6116","targetHints":{"allow":["GET"]}}],"collection":[{"href":"https:\/\/hostnetart.com.br\/baixada\/wp-json\/wp\/v2\/posts"}],"about":[{"href":"https:\/\/hostnetart.com.br\/baixada\/wp-json\/wp\/v2\/types\/post"}],"author":[{"embeddable":true,"href":"https:\/\/hostnetart.com.br\/baixada\/wp-json\/wp\/v2\/users\/2"}],"replies":[{"embeddable":true,"href":"https:\/\/hostnetart.com.br\/baixada\/wp-json\/wp\/v2\/comments?post=6116"}],"version-history":[{"count":0,"href":"https:\/\/hostnetart.com.br\/baixada\/wp-json\/wp\/v2\/posts\/6116\/revisions"}],"wp:featuredmedia":[{"embeddable":true,"href":"https:\/\/hostnetart.com.br\/baixada\/wp-json\/wp\/v2\/media\/6115"}],"wp:attachment":[{"href":"https:\/\/hostnetart.com.br\/baixada\/wp-json\/wp\/v2\/media?parent=6116"}],"wp:term":[{"taxonomy":"category","embeddable":true,"href":"https:\/\/hostnetart.com.br\/baixada\/wp-json\/wp\/v2\/categories?post=6116"},{"taxonomy":"post_tag","embeddable":true,"href":"https:\/\/hostnetart.com.br\/baixada\/wp-json\/wp\/v2\/tags?post=6116"}],"curies":[{"name":"wp","href":"https:\/\/api.w.org\/{rel}","templated":true}]}}