{"id":6108,"date":"2019-02-19T13:29:12","date_gmt":"2019-02-19T16:29:12","guid":{"rendered":"https:\/\/hostnetart.com.br\/baixada\/manifesto-a-previ-e-dos-funcionarios-do-banco-do-brasil\/"},"modified":"2019-02-19T13:29:12","modified_gmt":"2019-02-19T16:29:12","slug":"manifesto-a-previ-e-dos-funcionarios-do-banco-do-brasil","status":"publish","type":"post","link":"https:\/\/hostnetart.com.br\/baixada\/manifesto-a-previ-e-dos-funcionarios-do-banco-do-brasil\/","title":{"rendered":"Manifesto: A Previ \u00e9 dos Funcion\u00e1rios do Banco do Brasil"},"content":{"rendered":"<div class=\"content\">\n<p>A Comiss\u00e3o de Empresa dos Funcion\u00e1rios do Banco do Banco do Brasil divulga nota em rep\u00fadio ao anuncio do governo federal de que poder\u00e1 determinar decis\u00f5es de investimentos nos fundos vinculados a estatais.<\/p>\n<p>Nota:<\/p>\n<p><em>A Previ foi fundada h\u00e1 116 anos por iniciativa dos funcion\u00e1rios do Banco do Brasil. Ela \u00e9 uma institui\u00e7\u00e3o privada, aut\u00f4noma e sem v\u00ednculo com o governo. O sucesso do maior fundo de pens\u00e3o do pa\u00eds tem sido a capacidade e compet\u00eancia para gerir o patrim\u00f4nio dos associados e seu modelo de governan\u00e7a que garante uma gest\u00e3o compartilhada entre associados e patrocinador.<\/em><\/p>\n<p><em>Os fundos de pens\u00e3o s\u00e3o entes privados, regulados, fiscalizados e supervisionados com base em legisla\u00e7\u00e3o espec\u00edfica que estabelece responsabilidades, obriga\u00e7\u00f5es e deveres de seus administradores.<\/em><\/p>\n<p><em>Nesse contexto, a declara\u00e7\u00e3o do Ministro da Desestatiza\u00e7\u00e3o, Salim Mattar, de que o Governo Federal vai interferir na gest\u00e3o de fundos de pens\u00e3o de estatais \u00e9 um equ\u00edvoco e revela desconhecimento sobre as leis que os regem.<\/em><\/p>\n<p><em>O an\u00fancio de que o governo poder\u00e1 determinar decis\u00f5es de investimentos nos fundos vinculados a estatais \u00e9 um absurdo e merece ser recha\u00e7ado, pois, os recursos dos fundos de pens\u00e3o n\u00e3o pertencem a nenhum governo, eles s\u00e3o frutos dos contratos de trabalho, da poupan\u00e7a, do esfor\u00e7o e da luta de anos das trabalhadoras e trabalhadores.<\/em><\/p>\n<p><em>A administra\u00e7\u00e3o da Previ lida com recursos e compromissos de longo prazo que precisam ser tratados com cuidado e avaliados criteriosamente a cada tomada de decis\u00e3o de investimentos do patrim\u00f4nio de funcion\u00e1rios da ativa e aposentados do BB, compreendendo cerca de 200 mil associados e compromissos que extrapolam mais de 70 anos a nossa frente.<\/em><\/p>\n<p><em>A interfer\u00eancia externa na tomada de decis\u00e3o dos fundos de pens\u00e3o seria um esc\u00e2ndalo, uma afronta \u00e0 legisla\u00e7\u00e3o e \u00e0 governan\u00e7a dos fundos vinculados a empresas estatais. Medida como a anunciada \u00e9 abusiva e representa colocar em risco a poupan\u00e7a dos trabalhadores, pois qualquer decis\u00e3o de investimentos sem an\u00e1lise t\u00e9cnica, representa risco potencial de perdas irrepar\u00e1veis no patrim\u00f4nio das pessoas.<\/em><\/p>\n<p><em>A Previ tem participa\u00e7\u00e3o relevante em diversas empresas nacionais de grande porte. Na Vale, A Previ det\u00e9m 18% do capital total da empresa e outros fundos de pens\u00e3o do pa\u00eds mais 4%. Investimento que \u00e9 mantido na carteira de a\u00e7\u00f5es com base em an\u00e1lise de risco, retorno e liquidez, com acompanhamento permanente do desempenho da empresa e da estrat\u00e9gia do neg\u00f3cio. J\u00e1 os investidores internacionais det\u00eam 48% do capital da Vale.<\/em><\/p>\n<p><em>A declara\u00e7\u00e3o do ministro atual governo \u00e9 totalmente equivocada e contr\u00e1ria \u00e0s boas pr\u00e1ticas de governan\u00e7a corporativa pregadas pelo pr\u00f3prio mercado. Mais uma entre outras tantas declara\u00e7\u00f5es eivadas de preconceito em rela\u00e7\u00e3o a trabalhadores, entidades associativas e segmentos sociais. Um acinte e desrespeito \u00e0s leis e \u00e0s institui\u00e7\u00f5es.<\/em><\/p>\n<p><em>Para contrapor as iniciativas que atacam direitos e entidades do funcionalismo ser\u00e1 necess\u00e1rio somar for\u00e7as. Os sindicatos sempre atuaram e continuar\u00e3o atuando na constru\u00e7\u00e3o de estrat\u00e9gias para defender a Previ de a\u00e7\u00f5es predat\u00f3rias de grupos ou interesses externos que possam prejudicar o patrim\u00f4nio dos associados.<\/em><\/p>\n<\/div>\n<p id=\"page-author\"><strong>Fonte: Contraf-CUT<\/strong><\/p>\n","protected":false},"excerpt":{"rendered":"<p>A Comiss\u00e3o de Empresa dos Funcion\u00e1rios do Banco do Banco do Brasil divulga nota em rep\u00fadio ao anuncio do governo federal de que poder\u00e1 determinar decis\u00f5es de investimentos nos fundos vinculados a estatais. Nota: A Previ foi fundada h\u00e1 116 anos por iniciativa dos funcion\u00e1rios do Banco do Brasil. Ela \u00e9 uma institui\u00e7\u00e3o privada, aut\u00f4noma [&hellip;]<\/p>\n","protected":false},"author":2,"featured_media":6107,"comment_status":"","ping_status":"","sticky":false,"template":"","format":"standard","meta":{"footnotes":""},"categories":[3],"tags":[],"class_list":["post-6108","post","type-post","status-publish","format-standard","has-post-thumbnail","hentry","category-noticias"],"_links":{"self":[{"href":"https:\/\/hostnetart.com.br\/baixada\/wp-json\/wp\/v2\/posts\/6108","targetHints":{"allow":["GET"]}}],"collection":[{"href":"https:\/\/hostnetart.com.br\/baixada\/wp-json\/wp\/v2\/posts"}],"about":[{"href":"https:\/\/hostnetart.com.br\/baixada\/wp-json\/wp\/v2\/types\/post"}],"author":[{"embeddable":true,"href":"https:\/\/hostnetart.com.br\/baixada\/wp-json\/wp\/v2\/users\/2"}],"replies":[{"embeddable":true,"href":"https:\/\/hostnetart.com.br\/baixada\/wp-json\/wp\/v2\/comments?post=6108"}],"version-history":[{"count":0,"href":"https:\/\/hostnetart.com.br\/baixada\/wp-json\/wp\/v2\/posts\/6108\/revisions"}],"wp:featuredmedia":[{"embeddable":true,"href":"https:\/\/hostnetart.com.br\/baixada\/wp-json\/wp\/v2\/media\/6107"}],"wp:attachment":[{"href":"https:\/\/hostnetart.com.br\/baixada\/wp-json\/wp\/v2\/media?parent=6108"}],"wp:term":[{"taxonomy":"category","embeddable":true,"href":"https:\/\/hostnetart.com.br\/baixada\/wp-json\/wp\/v2\/categories?post=6108"},{"taxonomy":"post_tag","embeddable":true,"href":"https:\/\/hostnetart.com.br\/baixada\/wp-json\/wp\/v2\/tags?post=6108"}],"curies":[{"name":"wp","href":"https:\/\/api.w.org\/{rel}","templated":true}]}}