{"id":6104,"date":"2019-02-18T18:52:42","date_gmt":"2019-02-18T21:52:42","guid":{"rendered":"https:\/\/hostnetart.com.br\/baixada\/coletivo-juridico-nacional-acontece-nesta-terca-feira-19\/"},"modified":"2019-02-18T18:52:42","modified_gmt":"2019-02-18T21:52:42","slug":"coletivo-juridico-nacional-acontece-nesta-terca-feira-19","status":"publish","type":"post","link":"https:\/\/hostnetart.com.br\/baixada\/coletivo-juridico-nacional-acontece-nesta-terca-feira-19\/","title":{"rendered":"Coletivo Jur\u00eddico Nacional acontece nesta ter\u00e7a-feira (19)"},"content":{"rendered":"<div class=\"content\">\n<p>O Coletivo Jur\u00eddico Nacional ir\u00e1 debater, nesta ter\u00e7a-feira (19), as pautas em debate Legislativo Federal (C\u00e2mara dos Deputados e Senado Federal), no Executivo Federal e no Judici\u00e1rio que afetam diretamente os trabalhadores.<\/p>\n<p>O evento foi deliberado pela dire\u00e7\u00e3o executiva da Contraf-CUT, em conson\u00e2ncia com os debates do Comando Nacional dos Banc\u00e1rios, sobre os reflexos ap\u00f3s implementa\u00e7\u00e3o da Reforma Trabalhista, da Lei das Terceiriza\u00e7\u00f5es e da an\u00e1lise dos poss\u00edveis cen\u00e1rios quanto \u00e0s propostas de reforma da Previd\u00eancia Social.<\/p>\n<p>\u201cEsta reuni\u00e3o ter\u00e1, inclusive, a perspectiva de apontar a\u00e7\u00f5es pol\u00edticas de organiza\u00e7\u00e3o e resist\u00eancia frente aos ataques aos direitos dos trabalhadores\u201d, afirmou Mauri S\u00e9rgio Martins de Souza, secret\u00e1rio de Assuntos Jur\u00eddicos da Contraf-CUT.<\/p>\n<p>Durante o evento, ser\u00e1 lan\u00e7ada, pela Secretaria de Comunica\u00e7\u00e3o, a Cartilha \u201cConven\u00e7\u00e3o Coletiva de Rela\u00e7\u00f5es Sindicais 2018-2020\u201d. A publica\u00e7\u00e3o traz os aspectos principais da Conven\u00e7\u00e3o Coletiva de Trabalho (CCT) de Rela\u00e7\u00f5es Sindicais 2018-2020 que, posteriormente, ser\u00e1 disponibilizada \u00e0s entidades filiadas.<\/p>\n<p>Podem participar da reuni\u00e3o ampliada do Coletivo Jur\u00eddico Nacional todos os dirigentes sindicais banc\u00e1rios e \u00e0s assessorias.<\/p>\n<p>\u00a0<\/p>\n<p><strong>Programa\u00e7\u00e3o<\/strong>:<\/p>\n<p><em><strong>10:00 <\/strong>Abertura e lan\u00e7amento da cartilha sobre a CCT de Rela\u00e7\u00f5es Sindicais<\/em><\/p>\n<p><em>Juvandia Moreira (Presidenta da CONTRAF)<\/em><\/p>\n<p><em>Mauri Souza (Diretor Jur\u00eddico da CONTRAF)<\/em><\/p>\n<p>\u00a0<\/p>\n<p><em><strong>11:00<\/strong> Reforma da Previd\u00eancia<\/em><\/p>\n<p><em>Carlos Gabas (ex-ministro da Previd\u00eancia Social e assessor da CONTRAF)<\/em><\/p>\n<p>\u00a0<\/p>\n<p><em><strong>12:00 <\/strong>Almo\u00e7o.<\/em><\/p>\n<p>\u00a0<\/p>\n<p><em><strong>13:30 <\/strong>Informes sobre o Banco do Brasil<\/em><\/p>\n<p><em>Dra. Renata Cabral (escrit\u00f3rio Crivelli)<\/em><\/p>\n<p>\u00a0<\/p>\n<p><em><strong>14:00 <\/strong>Informes sobre a CEF<\/em><\/p>\n<p><em>Dra. La\u00eds Caetano (escrit\u00f3rio LBS)<\/em><\/p>\n<p>\u00a0<\/p>\n<p><em><strong>14:30 <\/strong>Informes sobre Bancos Privados<\/em><\/p>\n<p><em>Dra. Cynthia Valente (SEEB\/SP)<\/em><\/p>\n<p>\u00a0<\/p>\n<p><em><strong>15:00<\/strong> Informes sobre a contribui\u00e7\u00e3o negocial, MPT e Judici\u00e1rio<\/em><\/p>\n<p><em>Dr. Jefferson Oliveira (assessor jur\u00eddico da CONTRAF)<\/em><\/p>\n<p><em>Dr. Paulo Roberto (escrit\u00f3rio LBS)<\/em><\/p>\n<p>\u00a0<\/p>\n<p><em><strong>15:30 <\/strong>Debates sobre o momento p\u00f3s reforma trabalhista e os cen\u00e1rios futuros inclusive quanto ao destino do judici\u00e1rio trabalhista<\/em><\/p>\n<p><em>Dr. Wilson Ramos Filho (XIXO), doutor em Direito, professor de Direito do Trabalho (UFPR\/UFRJ).<\/em><\/p>\n<p>\u00a0<\/p>\n<p><em><strong>16:30 <\/strong>Encaminhamentos para a realiza\u00e7\u00e3o do II Semin\u00e1rio Jur\u00eddico Nacional da CONTRAF.<\/em><\/p>\n<p>\u00a0<\/p>\n<p><em><strong>17:30<\/strong> T\u00e9rmino.<\/em><\/p>\n<\/div>\n<p id=\"page-author\"><span style=\"text-decoration: underline;\"><strong>Fonte: Contraf-CUT<\/strong><\/span><\/p>\n","protected":false},"excerpt":{"rendered":"<p>O Coletivo Jur\u00eddico Nacional ir\u00e1 debater, nesta ter\u00e7a-feira (19), as pautas em debate Legislativo Federal (C\u00e2mara dos Deputados e Senado Federal), no Executivo Federal e no Judici\u00e1rio que afetam diretamente os trabalhadores. O evento foi deliberado pela dire\u00e7\u00e3o executiva da Contraf-CUT, em conson\u00e2ncia com os debates do Comando Nacional dos Banc\u00e1rios, sobre os reflexos ap\u00f3s [&hellip;]<\/p>\n","protected":false},"author":2,"featured_media":6103,"comment_status":"","ping_status":"","sticky":false,"template":"","format":"standard","meta":{"footnotes":""},"categories":[3],"tags":[],"class_list":["post-6104","post","type-post","status-publish","format-standard","has-post-thumbnail","hentry","category-noticias"],"_links":{"self":[{"href":"https:\/\/hostnetart.com.br\/baixada\/wp-json\/wp\/v2\/posts\/6104","targetHints":{"allow":["GET"]}}],"collection":[{"href":"https:\/\/hostnetart.com.br\/baixada\/wp-json\/wp\/v2\/posts"}],"about":[{"href":"https:\/\/hostnetart.com.br\/baixada\/wp-json\/wp\/v2\/types\/post"}],"author":[{"embeddable":true,"href":"https:\/\/hostnetart.com.br\/baixada\/wp-json\/wp\/v2\/users\/2"}],"replies":[{"embeddable":true,"href":"https:\/\/hostnetart.com.br\/baixada\/wp-json\/wp\/v2\/comments?post=6104"}],"version-history":[{"count":0,"href":"https:\/\/hostnetart.com.br\/baixada\/wp-json\/wp\/v2\/posts\/6104\/revisions"}],"wp:featuredmedia":[{"embeddable":true,"href":"https:\/\/hostnetart.com.br\/baixada\/wp-json\/wp\/v2\/media\/6103"}],"wp:attachment":[{"href":"https:\/\/hostnetart.com.br\/baixada\/wp-json\/wp\/v2\/media?parent=6104"}],"wp:term":[{"taxonomy":"category","embeddable":true,"href":"https:\/\/hostnetart.com.br\/baixada\/wp-json\/wp\/v2\/categories?post=6104"},{"taxonomy":"post_tag","embeddable":true,"href":"https:\/\/hostnetart.com.br\/baixada\/wp-json\/wp\/v2\/tags?post=6104"}],"curies":[{"name":"wp","href":"https:\/\/api.w.org\/{rel}","templated":true}]}}