{"id":6100,"date":"2019-02-15T17:17:11","date_gmt":"2019-02-15T19:17:11","guid":{"rendered":"https:\/\/hostnetart.com.br\/baixada\/nao-existe-privilegio-nas-aposentadorias-dos-trabalhadores\/"},"modified":"2019-02-15T17:17:11","modified_gmt":"2019-02-15T19:17:11","slug":"nao-existe-privilegio-nas-aposentadorias-dos-trabalhadores","status":"publish","type":"post","link":"https:\/\/hostnetart.com.br\/baixada\/nao-existe-privilegio-nas-aposentadorias-dos-trabalhadores\/","title":{"rendered":"N\u00e3o existe privil\u00e9gio nas aposentadorias dos trabalhadores"},"content":{"rendered":"<p class=\" \">Em 2017, os 34 milh\u00f5es de aposentados com benef\u00edcios ativos no Regime Geral da <strong>Previd\u00eancia<\/strong> Social (RGPS) receberam em m\u00e9dia R$ 1.388. Os n\u00fameros deixam claro: n\u00e3o tem <strong>privil\u00e9gio<\/strong> na aposentadoria dos trabalhadores.\u00a0A afirma\u00e7\u00e3o foi feita pela economista Patr\u00edcia Pelatieri em debate realizado na sede da CUT, em S\u00e3o Paulo. O debate ocorre um dia depois de o ministro da Economia, Paulo Guedes, ter anunciado trechos do <a class=\"internal-link\" title=\"\" href=\"https:\/\/www.redebrasilatual.com.br\/politica\/2019\/02\/governo-anuncia-idade-minima-de-65-anos-para-homens-e-62-para-mulheres\" target=\"_blank\" rel=\"noopener noreferrer\">projeto de reforma da Previd\u00eancia<\/a> que o governo pretende levar ao Congresso.<\/p>\n<p class=\" \">\u201cDos 30 milh\u00f5es de benef\u00edcios pagos pelo Regime Geral da Previd\u00eancia, s\u00f3 10 mil est\u00e3o <strong>acima do teto<\/strong>. E mesmo assim, antigos, porque ganharam alguma coisa na Justi\u00e7a\u201d, explica a coordenadora de pesquisas do Dieese.\u00a0\u201cQuem tem vida laboral mais est\u00e1vel consegue contribuir por mais tempo, vai se <a class=\"internal-link\" title=\"\" href=\"https:\/\/www.redebrasilatual.com.br\/trabalho\/2019\/02\/aposentadoria-e-para-viver-nao-para-receber-so-a-beira-da-morte\" target=\"_blank\" rel=\"noopener noreferrer\">aposentar mais cedo<\/a> e se tiver profiss\u00e3o mais bem remunerada, conseguir\u00e1 receber um valor pr\u00f3ximo ao teto. E normalmente aqueles que se aposentam por tempo de contribui\u00e7\u00e3o s\u00e3o os que come\u00e7aram a trabalhar mais cedo\u201d, afirma.\u00a0\u201cOu seja, o que chamam de privil\u00e9gio, n\u00e3o tem nada de privil\u00e9gio.\u201d<\/p>\n<p class=\" \">O que existe de <a class=\"internal-link\" title=\"\" href=\"https:\/\/www.redebrasilatual.com.br\/revistas\/135\/discurso-de-austeridade-agrava-a-crise-e-serve-para-manter-privilegios\" target=\"_blank\" rel=\"noopener noreferrer\">privil\u00e9gio na aposentadoria<\/a>, segundo e economista, est\u00e1 diretamente relacionado aos privil\u00e9gios j\u00e1 existentes na ativa: algumas carreiras de servidores federais, no Judici\u00e1rio, no Legislativo, al\u00e9m dos militares.\u00a0Esses setores n\u00e3o foram sequer mencionados nas propostas vazadas at\u00e9 agora pelo governo de <strong>Jair Bolsonaro<\/strong> para a <strong>reforma <\/strong>da Previd\u00eancia.<\/p>\n<p class=\" \">\u201cA discuss\u00e3o da Previd\u00eancia esquece a desigualdade da ativa, que se perpetua na aposentadoria. Ju\u00edzes no Brasil ganham mais de 20 vezes a m\u00e9dia dos trabalhadores. Nos demais pa\u00edses \u00e9 em torno de quatro vezes mais\u201d, informa ela.<\/p>\n<p class=\" \">As m\u00e9dias dos valores de aposentadoria no setor p\u00fablico em 2016 \u00e9 tamb\u00e9m exemplo de distor\u00e7\u00e3o. Os servidores de prefeituras recebem entre R$ 2.500 e R$ 3.000. Os estaduais, R$ 5.000. Federais civis, em m\u00e9dia R$ 10 mil. No Legislativo em torno de R$ 15.000. E no Judici\u00e1rio, R$ 16.000.\u00a0<\/p>\n<p class=\" \">A t\u00e9cnica do Dieese ressalta: desembargadores e ju\u00edzes recebem muito mais. \u201cEstamos falando em m\u00e9dia e isso \u00e9 complicado, porque mistura essas carreiras privilegiadas e os baixos sal\u00e1rios dos servidores. Mas d\u00e1 ideia da desigualdade.\u201d<\/p>\n<h3><b>Militares recebem sal\u00e1rio integral\u00a0\u00a0\u00a0\u00a0\u00a0\u00a0\u00a0\u00a0\u00a0\u00a0\u00a0\u00a0\u00a0\u00a0\u00a0\u00a0\u00a0\u00a0\u00a0\u00a0\u00a0\u00a0\u00a0\u00a0\u00a0 <\/b><\/h3>\n<p class=\" \">Com ampla participa\u00e7\u00e3o no governo Bolsonaro \u2013 s\u00e3o sete ministros \u2013 os militares at\u00e9 agora n\u00e3o foram mencionados nas informa\u00e7\u00f5es sobre a reforma da Previd\u00eancia que \u00e9 prioridade do ex-capit\u00e3o eleito.<\/p>\n<p class=\" \">Os militares n\u00e3o se aposentam. Eles passam para a reserva ou s\u00e3o reformados recebendo o sal\u00e1rio integral da ativa. E n\u00e3o t\u00eam idade m\u00ednima para chegar a essa condi\u00e7\u00e3o. Para dar uma ideia da situa\u00e7\u00e3o, 55% dos que v\u00e3o para a reserva t\u00eam entre 45 anos e 49 anos. O pr\u00f3prio Bolsonaro, hoje capit\u00e3o reformado, ingressou na reserva aos 32 anos de idade.\u00a0<\/p>\n<p class=\" \">Para usar um termo muito utilizado pelos art\u00edfices da reforma, o \u201crombo\u201d com inatividade na previd\u00eancia militar passou de R$ 35,9 bilh\u00f5es em 2017, para R$ 40,5 bilh\u00f5es em 2018 \u2013 crescimento de 12,5%. No mesmo per\u00edodo, esse \u00edndice foi de 7,4% no INSS e de 5,22% entre os servidores da Uni\u00e3o.<\/p>\n<p class=\" \">Os militares, por uma s\u00e9rie de subterf\u00fagios, ganham mais quando v\u00e3o para a reserva. Como se aposentam cedo, muitos continuam trabalhando em consultorias, criam empresas de seguran\u00e7a. Os demais servidores perdem 30%, relata Patr\u00edcia.\u00a0\u201cOs militares afirmam que n\u00e3o t\u00eam FGTS, e n\u00e3o t\u00eam mesmo. Mas recebem cotas de soldo por ano de trabalho, um abono inatividade, que no final das contas d\u00e1 na mesma que o Fundo de Garantia do Tempo de Servi\u00e7o\u201d, explica a economista.<\/p>\n<p class=\" \">\u00a0<\/p>\n<p class=\" \"><strong>Fonte: Rede Brasil Atual<\/strong><\/p>\n","protected":false},"excerpt":{"rendered":"<p>Em 2017, os 34 milh\u00f5es de aposentados com benef\u00edcios ativos no Regime Geral da Previd\u00eancia Social (RGPS) receberam em m\u00e9dia R$ 1.388. Os n\u00fameros deixam claro: n\u00e3o tem privil\u00e9gio na aposentadoria dos trabalhadores.\u00a0A afirma\u00e7\u00e3o foi feita pela economista Patr\u00edcia Pelatieri em debate realizado na sede da CUT, em S\u00e3o Paulo. O debate ocorre um dia [&hellip;]<\/p>\n","protected":false},"author":2,"featured_media":6099,"comment_status":"","ping_status":"","sticky":false,"template":"","format":"standard","meta":{"footnotes":""},"categories":[3],"tags":[],"class_list":["post-6100","post","type-post","status-publish","format-standard","has-post-thumbnail","hentry","category-noticias"],"_links":{"self":[{"href":"https:\/\/hostnetart.com.br\/baixada\/wp-json\/wp\/v2\/posts\/6100","targetHints":{"allow":["GET"]}}],"collection":[{"href":"https:\/\/hostnetart.com.br\/baixada\/wp-json\/wp\/v2\/posts"}],"about":[{"href":"https:\/\/hostnetart.com.br\/baixada\/wp-json\/wp\/v2\/types\/post"}],"author":[{"embeddable":true,"href":"https:\/\/hostnetart.com.br\/baixada\/wp-json\/wp\/v2\/users\/2"}],"replies":[{"embeddable":true,"href":"https:\/\/hostnetart.com.br\/baixada\/wp-json\/wp\/v2\/comments?post=6100"}],"version-history":[{"count":0,"href":"https:\/\/hostnetart.com.br\/baixada\/wp-json\/wp\/v2\/posts\/6100\/revisions"}],"wp:featuredmedia":[{"embeddable":true,"href":"https:\/\/hostnetart.com.br\/baixada\/wp-json\/wp\/v2\/media\/6099"}],"wp:attachment":[{"href":"https:\/\/hostnetart.com.br\/baixada\/wp-json\/wp\/v2\/media?parent=6100"}],"wp:term":[{"taxonomy":"category","embeddable":true,"href":"https:\/\/hostnetart.com.br\/baixada\/wp-json\/wp\/v2\/categories?post=6100"},{"taxonomy":"post_tag","embeddable":true,"href":"https:\/\/hostnetart.com.br\/baixada\/wp-json\/wp\/v2\/tags?post=6100"}],"curies":[{"name":"wp","href":"https:\/\/api.w.org\/{rel}","templated":true}]}}