{"id":6094,"date":"2019-02-15T17:13:13","date_gmt":"2019-02-15T19:13:13","guid":{"rendered":"https:\/\/hostnetart.com.br\/baixada\/aposentadoria-dos-sonhos-do-legislativo-empresarial\/"},"modified":"2019-02-15T17:13:13","modified_gmt":"2019-02-15T19:13:13","slug":"aposentadoria-dos-sonhos-do-legislativo-empresarial","status":"publish","type":"post","link":"https:\/\/hostnetart.com.br\/baixada\/aposentadoria-dos-sonhos-do-legislativo-empresarial\/","title":{"rendered":"Aposentadoria dos sonhos do legislativo empresarial"},"content":{"rendered":"<div class=\"content\">\n<p>Contrapondo o verdadeiro significado da palavra \u2018reforma\u2019 &#8211; mudan\u00e7a para fins de obten\u00e7\u00e3o de melhores resultados \u2013 a proposta de emenda \u00e0 Constitui\u00e7\u00e3o (PEC) da reforma da Previd\u00eancia que o governo de Jair Bolsonaro deve enviar ao Congresso Nacional, na pr\u00f3xima quarta-feira (20), \u00e9 perversa. As medidas, al\u00e9m de retardar o direito a aposentadoria de todo o trabalhador brasileiro, reduzem o valor do benef\u00edcio e penaliza as mulheres.<\/p>\n<p>Em reuni\u00e3o com ministros, Bolsonaro tomou a decis\u00e3o sobre o per\u00edodo de transi\u00e7\u00e3o previsto para 12 anos. Contudo, a PEC tem o mesmo modelo do governo golpista de Michel Temer, no que tange a idade m\u00ednima da aposentadoria, onde previa 65 anos para homens e 62 anos para mulheres. Ou seja, a nova proposta vai manter as mesmas idades m\u00ednimas, mas a exig\u00eancia passar\u00e1 a valer em um prazo mais curto.<\/p>\n<p>Vale ressaltar que o per\u00edodo de transi\u00e7\u00e3o menor prejudica o trabalhador com menos de 50 anos de idade. Ao optar por uma transi\u00e7\u00e3o curta, a reforma praticamente obrigada quase todos os aposentados que ainda n\u00e3o passaram dos 50 anos de idade a se aposentarem com as idades m\u00ednimas de 62 ou 65 anos.<\/p>\n<p>Al\u00e9m disso, o governo n\u00e3o detalhou quais ser\u00e3o as exig\u00eancias para obter benef\u00edcio durante a transi\u00e7\u00e3o.<\/p>\n<p>Para entender melhor a pol\u00eamica proposta \u00e9 preciso saber que hoje h\u00e1 duas formas de se aposentar. Por tempo de contribui\u00e7\u00e3o, no caso dos homens depois de 35 anos de pagamentos ao Instituto Nacional do Seguro Social (INSS); e no das mulheres, ap\u00f3s 30 anos de contribui\u00e7\u00e3o. A segunda op\u00e7\u00e3o \u00e9 se aposentar por idade. Neste caso, os homens t\u00eam de completar 65 anos e as mulheres 60, depois de contribuir durante 15 anos.<\/p>\n<p><strong>Afortunados n\u00e3o sofrer\u00e3o com mudan\u00e7as. Trabalhador comum sim<\/strong><\/p>\n<p>As regras atuais j\u00e1 s\u00e3o injustas para o trabalhador comum no Brasil e a cada altera\u00e7\u00e3o que implantam ficam piores. Em 1997, o governo FHC implantou o fator previdenci\u00e1rio, tirando do trabalhador mais de 15% do seu benef\u00edcio, com o mesmo intuito de \u2018equilibrar\u2019 as contas da previd\u00eancia, contas estas que nunca foram deficit\u00e1rias.\u00a0<\/p>\n<p>A atual proposta de reforma previdenci\u00e1ria, defendida com unhas e dentes pela nossa \u2018livre imprensa\u2019 chega a ser desumana para a classe trabalhadora. O modelo privilegia o executivo, legislativo e militares, que n\u00e3o sofrer\u00e3o nada com as novas regras.<\/p>\n<p>A PEC a ser entregue para a aprova\u00e7\u00e3o do Congresso Nacional prev\u00ea que quem quiser receber 100% do benef\u00edcio ter\u00e1 de trabalhar em m\u00e9dia 40 anos. E cria um sistema de capitaliza\u00e7\u00e3o, de \u2018car\u00e1ter obrigat\u00f3rio\u2019.<\/p>\n<p>Vale ressaltar que enquanto a atual reforma da Previd\u00eancia prop\u00f5e retardar e reduzir o benef\u00edcio ao trabalhador comum, o Senado Federal tem aposentados com poucos anos de contribui\u00e7\u00e3o e renda bruta que chega aos R$ 50 mil.\u00a0<\/p>\n<p><strong>\u00a0Mulheres ser\u00e3o mais penalizadas e ficam mais distantes do sonho da aposentadoria<\/strong><\/p>\n<p>O governo quer impor a retirara dos direitos de toda a classe trabalhadora em nome do &#8216;equilibrar\u2019 as contas p\u00fablicas, mas quem vai pagar mais por tudo isso s\u00e3o as mulheres, principalmente, as que vivem do sal\u00e1rio m\u00ednimo, as dom\u00e9sticas e as trabalhadoras mais humildes.\u00a0<\/p>\n<p>Segundo dados de recentes pesquisas 2\/3 das mulheres brasileiras se aposentaram por idade e recebem em m\u00e9dia, R$ 1.177,88. J\u00e1 2\/3 dos homens se aposentaram por tempo de contribui\u00e7\u00e3o com benef\u00edcios m\u00e9dios de R$ 2.504,00. Isto significa que o mesmo percentual de homens aposentados ganha mais do que o dobro das mulheres.<\/p>\n<p>A idade m\u00ednima para a aposentadoria ainda permanece muito alta, o modelo sugerido ainda permanece mais r\u00edgido com as situa\u00e7\u00f5es especiais, como as mulheres que passa de 60 anos para 62 anos e os trabalhadores rurais, que tamb\u00e9m s\u00e3o mais penalizados caso a reforma seja aprovada.<\/p>\n<p><strong>Como est\u00e1 e como d\u00e1 para ficar pior<\/strong><\/p>\n<p>O sonho da aposentadoria fica cada vez mais distante. Em meio \u00e0s discuss\u00f5es quanto ao sistema previdenci\u00e1rio nos meios de comunica\u00e7\u00e3o, o modelo aprovado para a aposentadoria do brasileiro desde 1997, com a implanta\u00e7\u00e3o do chamado fator previdenci\u00e1rio &#8211; f\u00f3rmula usada para reduzir o benef\u00edcio do trabalhador &#8211; vem sendo alvo de discuss\u00f5es que levam a modelos ainda piores do que o atual, que j\u00e1 \u00e9 injusto.<\/p>\n<p>Mas, a perversidade n\u00e3o para por a\u00ed, a proposta do desgoverno de Bolsonaro prev\u00ea que o valor da aposentadoria de mulheres pode diminuir com as novas regras, com a redu\u00e7\u00e3o de 40% do valor de pens\u00f5es de vi\u00favos e \u00f3rf\u00e3os, podendo o benef\u00edcio chegar para menos de um sal\u00e1rio m\u00ednimo.<\/p>\n<p>Diante do novo cen\u00e1rio pol\u00edtico apresentado em menos de dois meses de desgoverno, o que se v\u00ea \u00e9 a clara tentativa de trazer de volta os investimentos de um empresariado inescrupuloso \u00e0s custas do sangue do trabalhador.<\/p>\n<\/div>\n<p id=\"page-author\"><span style=\"text-decoration: underline;\"><strong>Fonte: Contraf-CUT<\/strong><\/span><\/p>\n","protected":false},"excerpt":{"rendered":"<p>Contrapondo o verdadeiro significado da palavra \u2018reforma\u2019 &#8211; mudan\u00e7a para fins de obten\u00e7\u00e3o de melhores resultados \u2013 a proposta de emenda \u00e0 Constitui\u00e7\u00e3o (PEC) da reforma da Previd\u00eancia que o governo de Jair Bolsonaro deve enviar ao Congresso Nacional, na pr\u00f3xima quarta-feira (20), \u00e9 perversa. As medidas, al\u00e9m de retardar o direito a aposentadoria de [&hellip;]<\/p>\n","protected":false},"author":2,"featured_media":6093,"comment_status":"","ping_status":"","sticky":false,"template":"","format":"standard","meta":{"footnotes":""},"categories":[3],"tags":[],"class_list":["post-6094","post","type-post","status-publish","format-standard","has-post-thumbnail","hentry","category-noticias"],"_links":{"self":[{"href":"https:\/\/hostnetart.com.br\/baixada\/wp-json\/wp\/v2\/posts\/6094","targetHints":{"allow":["GET"]}}],"collection":[{"href":"https:\/\/hostnetart.com.br\/baixada\/wp-json\/wp\/v2\/posts"}],"about":[{"href":"https:\/\/hostnetart.com.br\/baixada\/wp-json\/wp\/v2\/types\/post"}],"author":[{"embeddable":true,"href":"https:\/\/hostnetart.com.br\/baixada\/wp-json\/wp\/v2\/users\/2"}],"replies":[{"embeddable":true,"href":"https:\/\/hostnetart.com.br\/baixada\/wp-json\/wp\/v2\/comments?post=6094"}],"version-history":[{"count":0,"href":"https:\/\/hostnetart.com.br\/baixada\/wp-json\/wp\/v2\/posts\/6094\/revisions"}],"wp:featuredmedia":[{"embeddable":true,"href":"https:\/\/hostnetart.com.br\/baixada\/wp-json\/wp\/v2\/media\/6093"}],"wp:attachment":[{"href":"https:\/\/hostnetart.com.br\/baixada\/wp-json\/wp\/v2\/media?parent=6094"}],"wp:term":[{"taxonomy":"category","embeddable":true,"href":"https:\/\/hostnetart.com.br\/baixada\/wp-json\/wp\/v2\/categories?post=6094"},{"taxonomy":"post_tag","embeddable":true,"href":"https:\/\/hostnetart.com.br\/baixada\/wp-json\/wp\/v2\/tags?post=6094"}],"curies":[{"name":"wp","href":"https:\/\/api.w.org\/{rel}","templated":true}]}}