{"id":6092,"date":"2019-02-15T17:11:40","date_gmt":"2019-02-15T19:11:40","guid":{"rendered":"https:\/\/hostnetart.com.br\/baixada\/terceirizado-e-reconhecido-como-bancario\/"},"modified":"2019-02-15T17:11:40","modified_gmt":"2019-02-15T19:11:40","slug":"terceirizado-e-reconhecido-como-bancario","status":"publish","type":"post","link":"https:\/\/hostnetart.com.br\/baixada\/terceirizado-e-reconhecido-como-bancario\/","title":{"rendered":"Terceirizado \u00e9 reconhecido como banc\u00e1rio"},"content":{"rendered":"<div class=\"content\">\n<p>Um\u00a0<strong>trabalhador terceirizado<\/strong>, que vendia empr\u00e9stimos e financiamentos do Banco Fibra, ganhou na Justi\u00e7a o reconhecimento da condi\u00e7\u00e3o de<strong>banc\u00e1rio<\/strong>.\u00a0Ele vai\u00a0<strong>receber os direitos<\/strong>\u00a0previstos na conven\u00e7\u00e3o coletiva de trabalho da categoria, como vales refei\u00e7\u00e3o e alimenta\u00e7\u00e3o, diferen\u00e7as salariais e gratifica\u00e7\u00e3o semestral. As verbas ser\u00e3o pagas proporcionalmente ao per\u00edodo trabalhado.\u00a0<\/p>\n<p>Antes de ser incorporado pelo banco, em 2013, quando o trabalhador foi demitido, seu contrato de trabalho havia sido vinculado a outras tr\u00eas empresas. Segundo os desembargadores do Tribunal Regional do Trabalho da 4\u00aa Regi\u00e3o, do Rio Grande do Sul (TRT-RS), todas prestavam servi\u00e7os ligados \u00e0 atividade-fim do banco.\u00a0<\/p>\n<p>De junho de 2010 a novembro de 2012, o terceirizado vendeu empr\u00e9stimos e financiamentos do banco por meio de tr\u00eas empresas incorporadas em fus\u00f5es ao longo do tempo. A \u00faltima foi a Credifibra, incorporada pelo Banco Fibra em novembro de 2012.<\/p>\n<p>Ao analisar as provas do processo, os desembargadores conclu\u00edram que o trabalhador sempre esteve subordinado juridicamente ao banco. \u201cEm verdade, depreende-se que o servi\u00e7o prestado pelas empresas promotoras tratava-se de mero departamento do banco reclamado\u201d, afirmou a relatora do ac\u00f3rd\u00e3o, desembargadora La\u00eds Helena Jaeger Nicotti.<\/p>\n<p>A magistrada ressaltou, ainda, que o terceirizado desempenhava atividades inerentes, essenciais e permanentes do servi\u00e7o da institui\u00e7\u00e3o banc\u00e1ria.\u00a0<\/p>\n<\/div>\n<p id=\"page-author\"><strong>Fonte: Contraf-CUT, com ag\u00eancias<\/strong><\/p>\n","protected":false},"excerpt":{"rendered":"<p>Um\u00a0trabalhador terceirizado, que vendia empr\u00e9stimos e financiamentos do Banco Fibra, ganhou na Justi\u00e7a o reconhecimento da condi\u00e7\u00e3o debanc\u00e1rio.\u00a0Ele vai\u00a0receber os direitos\u00a0previstos na conven\u00e7\u00e3o coletiva de trabalho da categoria, como vales refei\u00e7\u00e3o e alimenta\u00e7\u00e3o, diferen\u00e7as salariais e gratifica\u00e7\u00e3o semestral. As verbas ser\u00e3o pagas proporcionalmente ao per\u00edodo trabalhado.\u00a0 Antes de ser incorporado pelo banco, em 2013, quando [&hellip;]<\/p>\n","protected":false},"author":2,"featured_media":6091,"comment_status":"","ping_status":"","sticky":false,"template":"","format":"standard","meta":{"footnotes":""},"categories":[3],"tags":[],"class_list":["post-6092","post","type-post","status-publish","format-standard","has-post-thumbnail","hentry","category-noticias"],"_links":{"self":[{"href":"https:\/\/hostnetart.com.br\/baixada\/wp-json\/wp\/v2\/posts\/6092","targetHints":{"allow":["GET"]}}],"collection":[{"href":"https:\/\/hostnetart.com.br\/baixada\/wp-json\/wp\/v2\/posts"}],"about":[{"href":"https:\/\/hostnetart.com.br\/baixada\/wp-json\/wp\/v2\/types\/post"}],"author":[{"embeddable":true,"href":"https:\/\/hostnetart.com.br\/baixada\/wp-json\/wp\/v2\/users\/2"}],"replies":[{"embeddable":true,"href":"https:\/\/hostnetart.com.br\/baixada\/wp-json\/wp\/v2\/comments?post=6092"}],"version-history":[{"count":0,"href":"https:\/\/hostnetart.com.br\/baixada\/wp-json\/wp\/v2\/posts\/6092\/revisions"}],"wp:featuredmedia":[{"embeddable":true,"href":"https:\/\/hostnetart.com.br\/baixada\/wp-json\/wp\/v2\/media\/6091"}],"wp:attachment":[{"href":"https:\/\/hostnetart.com.br\/baixada\/wp-json\/wp\/v2\/media?parent=6092"}],"wp:term":[{"taxonomy":"category","embeddable":true,"href":"https:\/\/hostnetart.com.br\/baixada\/wp-json\/wp\/v2\/categories?post=6092"},{"taxonomy":"post_tag","embeddable":true,"href":"https:\/\/hostnetart.com.br\/baixada\/wp-json\/wp\/v2\/tags?post=6092"}],"curies":[{"name":"wp","href":"https:\/\/api.w.org\/{rel}","templated":true}]}}