{"id":609,"date":"2014-02-03T00:00:00","date_gmt":"2014-02-03T02:00:00","guid":{"rendered":"https:\/\/hostnetart.com.br\/baixada\/video-da-tvt-mostra-demissoes-rotatividade-e-inseguranca-nos-bancos\/"},"modified":"2014-02-03T00:00:00","modified_gmt":"2014-02-03T02:00:00","slug":"video-da-tvt-mostra-demissoes-rotatividade-e-inseguranca-nos-bancos","status":"publish","type":"post","link":"https:\/\/hostnetart.com.br\/baixada\/video-da-tvt-mostra-demissoes-rotatividade-e-inseguranca-nos-bancos\/","title":{"rendered":"V\u00eddeo da TVT mostra demiss\u00f5es, rotatividade e inseguran\u00e7a nos bancos"},"content":{"rendered":"<p>O programa Jornal da TVT divulgou na edi\u00e7\u00e3o de sexta-feira, dia 31, um v\u00eddeo sobre as demiss\u00f5es, a rotatividade, a queda na remunera\u00e7\u00e3o e a falta de seguran\u00e7a para os trabalhadores e clientes nos bancos. A reportagem destaca a pesquisa da Contraf-CUT e Dieese apontando a redu\u00e7\u00e3o da massa salarial dos banc\u00e1rios em fun\u00e7\u00e3o da dispensa de empregados mais antigos, que ganham melhores sal\u00e1rios, e a contrata\u00e7\u00e3o de novos funcion\u00e1rios.<\/p>\n<p>\u00a0<br \/>O crescimento dos assassinatos em assaltos envolvendo bancos, especialmente nos crimes de \u201csaidinha de banco\u201d, tamb\u00e9m \u00e9 destaque, citando alguns n\u00fameros da \u00faltima pesquisa nacional, elaborada pela Contraf-CUT e Confedera\u00e7\u00e3o Nacional dos Vigilantes (CNTV) com base em not\u00edcias da imprensa e apoio t\u00e9cnico do Dieese. No ano passado, das 65 mortes, 32 foram em \u201csaidinha de banco\u201d.<\/p>\n<p>\u00a0<br \/>Clique\u00a0<a href=\"http:\/\/www.tvt.org.br\/watch.php?id=15625&amp;category=195\" target=\"_blank\" rel=\"noopener noreferrer\">aqui<\/a>\u00a0para assistir ao v\u00eddeo da TVT.<\/p>\n<p>\u00a0<br \/>Os entrevistados na reportagem s\u00e3o os presidentes da Contraf-CUT, Carlos Cordeiro, e da CNTV, Jos\u00e9 Boaventura Santos.<\/p>\n<p>\u00a0<br \/>Fonte: Contraf-CUT com TVT<\/p>\n","protected":false},"excerpt":{"rendered":"<p>O programa Jornal da TVT divulgou na edi\u00e7\u00e3o de sexta-feira, dia 31, um v\u00eddeo sobre as demiss\u00f5es, a rotatividade, a queda na remunera\u00e7\u00e3o e a falta de seguran\u00e7a para os trabalhadores e clientes nos bancos. A reportagem destaca a pesquisa da Contraf-CUT e Dieese apontando a redu\u00e7\u00e3o da massa salarial dos banc\u00e1rios em fun\u00e7\u00e3o da [&hellip;]<\/p>\n","protected":false},"author":1,"featured_media":0,"comment_status":"","ping_status":"","sticky":false,"template":"","format":"standard","meta":{"footnotes":""},"categories":[3],"tags":[],"class_list":["post-609","post","type-post","status-publish","format-standard","hentry","category-noticias"],"_links":{"self":[{"href":"https:\/\/hostnetart.com.br\/baixada\/wp-json\/wp\/v2\/posts\/609","targetHints":{"allow":["GET"]}}],"collection":[{"href":"https:\/\/hostnetart.com.br\/baixada\/wp-json\/wp\/v2\/posts"}],"about":[{"href":"https:\/\/hostnetart.com.br\/baixada\/wp-json\/wp\/v2\/types\/post"}],"author":[{"embeddable":true,"href":"https:\/\/hostnetart.com.br\/baixada\/wp-json\/wp\/v2\/users\/1"}],"replies":[{"embeddable":true,"href":"https:\/\/hostnetart.com.br\/baixada\/wp-json\/wp\/v2\/comments?post=609"}],"version-history":[{"count":0,"href":"https:\/\/hostnetart.com.br\/baixada\/wp-json\/wp\/v2\/posts\/609\/revisions"}],"wp:attachment":[{"href":"https:\/\/hostnetart.com.br\/baixada\/wp-json\/wp\/v2\/media?parent=609"}],"wp:term":[{"taxonomy":"category","embeddable":true,"href":"https:\/\/hostnetart.com.br\/baixada\/wp-json\/wp\/v2\/categories?post=609"},{"taxonomy":"post_tag","embeddable":true,"href":"https:\/\/hostnetart.com.br\/baixada\/wp-json\/wp\/v2\/tags?post=609"}],"curies":[{"name":"wp","href":"https:\/\/api.w.org\/{rel}","templated":true}]}}