{"id":6082,"date":"2019-02-14T12:41:30","date_gmt":"2019-02-14T14:41:30","guid":{"rendered":"https:\/\/hostnetart.com.br\/baixada\/bancarios-se-unem-a-outras-categorias-para-definir-plano-de-lutas-em-defesa-da-previdencia-social\/"},"modified":"2019-02-14T12:41:30","modified_gmt":"2019-02-14T14:41:30","slug":"bancarios-se-unem-a-outras-categorias-para-definir-plano-de-lutas-em-defesa-da-previdencia-social","status":"publish","type":"post","link":"https:\/\/hostnetart.com.br\/baixada\/bancarios-se-unem-a-outras-categorias-para-definir-plano-de-lutas-em-defesa-da-previdencia-social\/","title":{"rendered":"Banc\u00e1rios se unem a outras categorias para definir plano de lutas em defesa da Previd\u00eancia Social"},"content":{"rendered":"<div class=\"content\">\n<p>Os banc\u00e1rios se unir\u00e3o a outras categorias, no dia 20 de fevereiro, em uma Assembleia Nacional que ir\u00e1 definir um plano de lutas unit\u00e1rio contra a proposta de reforma da Previd\u00eancia do governo de Jair Bolsonaro (PSL\/RJ). O ato, em defesa da aposentadoria e da Previd\u00eancia Social, acontece a partir das 10h, na Pra\u00e7a da S\u00e9, no centro de S\u00e3o Paulo.<\/p>\n<p>Outras a\u00e7\u00f5es descentralizadas, como atos, assembleias, panfletagens e di\u00e1logo com a base, tamb\u00e9m est\u00e3o previstas para ocorrer no mesmo dia ou em outros dias em estados como Bahia, Cear\u00e1, Rio de Janeiro, Piau\u00ed, e Santa Catarina<\/p>\n<p>A Proposta de Emenda Constitucional, PEC da reforma da Previd\u00eancia, vazada pela imprensa \u2013 que deve ser encaminhada ao Congresso Nacional \u2013, prev\u00ea idade m\u00ednima de 65 anos para homens e mulheres, um gatilho para reduzir as aposentadorias das mulheres e at\u00e9 a redu\u00e7\u00e3o de 40% no valor das pens\u00f5es pagas a vi\u00favos e \u00f3rf\u00e3os \u2013 se essa proposta for aprovada, o valor dos benef\u00edcios pode ser de menos de um sal\u00e1rio m\u00ednimo.<\/p>\n<p>Para a CUT e demais centrais sindicais que est\u00e3o organizando a luta de resist\u00eancia da classe trabalhadora &#8211; For\u00e7a Sindical, CTB, Intersindical, Nova Central, CGTB, CSP-Conlutas e CSB &#8211; as propostas sinalizadas pela equipe econ\u00f4mica do governo praticamente acabam com o direito \u00e0 aposentadoria de milh\u00f5es de brasileiros e brasileiras.<\/p>\n<p>O presidente nacional da CUT, Vagner Freitas, alerta que, embora ainda n\u00e3o haja uma defini\u00e7\u00e3o do texto final a ser apresentado no Congresso Nacional, as propostas vazadas at\u00e9 agora, como a capitaliza\u00e7\u00e3o da Previd\u00eancia e a obrigatoriedade de idade m\u00ednima para o trabalhador e a trabalhadora se aposentarem, mostram que o projeto de Bolsonaro \u00e9 ainda pior do que o apresentado pelo ileg\u00edtimo Michel Temer (MDB-SP) e engavetado ap\u00f3s a greve geral que paralisou o Brasil em abril de 2017.<\/p>\n<p>\u00a0\u201cAs propostas em estudo t\u00eam varia\u00e7\u00f5es, mas os pontos centrais, como a ado\u00e7\u00e3o do sistema de capitaliza\u00e7\u00e3o, que n\u00e3o tinha na reforma de Temer, a obrigatoriedade da idade m\u00ednima e ter de trabalhar ainda mais para ter direito a 100% do benef\u00edcio, s\u00e3o extremamente prejudiciais e afetam de forma cruel os mais pobres\u201d, diz Vagner.<\/p>\n<p>Segundo a equipe t\u00e9cnica do governo, o projeto est\u00e1 previsto para ser apresentado ao Congresso Nacional entre os dias 19 e 21 de fevereiro. No entanto, a aprova\u00e7\u00e3o do texto final depende do aval de Bolsonaro, que ainda precisa deixar o hospital Albert Einstein, onde est\u00e1 internado, e estar em condi\u00e7\u00f5es de despachar, o que n\u00e3o tem data certa para ocorrer.<\/p>\n<p>O porta-voz da Presid\u00eancia, general Ot\u00e1vio R\u00eago Barros, afirmou nessa segunda-feira (11) que, inicialmente, &#8220;est\u00e1 descartado&#8221; que Bolsonaro receba a proposta de reforma no hospital Albert, segundo informa\u00e7\u00f5es do jornal Valor Econ\u00f4mico.<\/p>\n<p>H\u00e1 dez dias, no entanto, depois que Bolsonaro teve alta da Unidade de Terapia Intensiva (UTI), o porta-voz chegou a declarar que Bolsonaro estava analisando dois ou tr\u00eas formatos de reforma encaminhados pelo ministro da Economia, Paulo Guedes.<\/p>\n<\/div>\n<p id=\"page-author\"><strong>Fonte: Contraf-CUT<\/strong><\/p>\n","protected":false},"excerpt":{"rendered":"<p>Os banc\u00e1rios se unir\u00e3o a outras categorias, no dia 20 de fevereiro, em uma Assembleia Nacional que ir\u00e1 definir um plano de lutas unit\u00e1rio contra a proposta de reforma da Previd\u00eancia do governo de Jair Bolsonaro (PSL\/RJ). O ato, em defesa da aposentadoria e da Previd\u00eancia Social, acontece a partir das 10h, na Pra\u00e7a da [&hellip;]<\/p>\n","protected":false},"author":2,"featured_media":6081,"comment_status":"","ping_status":"","sticky":false,"template":"","format":"standard","meta":{"footnotes":""},"categories":[3],"tags":[],"class_list":["post-6082","post","type-post","status-publish","format-standard","has-post-thumbnail","hentry","category-noticias"],"_links":{"self":[{"href":"https:\/\/hostnetart.com.br\/baixada\/wp-json\/wp\/v2\/posts\/6082","targetHints":{"allow":["GET"]}}],"collection":[{"href":"https:\/\/hostnetart.com.br\/baixada\/wp-json\/wp\/v2\/posts"}],"about":[{"href":"https:\/\/hostnetart.com.br\/baixada\/wp-json\/wp\/v2\/types\/post"}],"author":[{"embeddable":true,"href":"https:\/\/hostnetart.com.br\/baixada\/wp-json\/wp\/v2\/users\/2"}],"replies":[{"embeddable":true,"href":"https:\/\/hostnetart.com.br\/baixada\/wp-json\/wp\/v2\/comments?post=6082"}],"version-history":[{"count":0,"href":"https:\/\/hostnetart.com.br\/baixada\/wp-json\/wp\/v2\/posts\/6082\/revisions"}],"wp:featuredmedia":[{"embeddable":true,"href":"https:\/\/hostnetart.com.br\/baixada\/wp-json\/wp\/v2\/media\/6081"}],"wp:attachment":[{"href":"https:\/\/hostnetart.com.br\/baixada\/wp-json\/wp\/v2\/media?parent=6082"}],"wp:term":[{"taxonomy":"category","embeddable":true,"href":"https:\/\/hostnetart.com.br\/baixada\/wp-json\/wp\/v2\/categories?post=6082"},{"taxonomy":"post_tag","embeddable":true,"href":"https:\/\/hostnetart.com.br\/baixada\/wp-json\/wp\/v2\/tags?post=6082"}],"curies":[{"name":"wp","href":"https:\/\/api.w.org\/{rel}","templated":true}]}}