{"id":6074,"date":"2019-02-13T12:13:26","date_gmt":"2019-02-13T14:13:26","guid":{"rendered":"https:\/\/hostnetart.com.br\/baixada\/renato-janine-no-pais-onde-a-ignorancia-acha-que-sabe-tudo-educacao-e-ameaca\/"},"modified":"2019-02-13T12:13:26","modified_gmt":"2019-02-13T14:13:26","slug":"renato-janine-no-pais-onde-a-ignorancia-acha-que-sabe-tudo-educacao-e-ameaca","status":"publish","type":"post","link":"https:\/\/hostnetart.com.br\/baixada\/renato-janine-no-pais-onde-a-ignorancia-acha-que-sabe-tudo-educacao-e-ameaca\/","title":{"rendered":"Renato Janine: no pa\u00eds onde a ignor\u00e2ncia acha que sabe tudo, educa\u00e7\u00e3o \u00e9 amea\u00e7a"},"content":{"rendered":"<p><em>A import\u00e2ncia dos livros numa \u00e9poca em que se valoriza a ignor\u00e2ncia<\/em> \u00e9 o tema da aula magna que o professor <strong>Renato Janine Ribeiro<\/strong> dar\u00e1 nesta quarta-feira (13), \u00e0s 19h, na sede da Funda\u00e7\u00e3o Editora Unesp, marcando o in\u00edcio do ano letivo da Universidade do Livro (Unil, Pra\u00e7a da S\u00e9, 108, centro da capital paulista).\u00a0O desafio \u00e9 maior considerando o per\u00edodo atual, de menos troca de conhecimento e mais divulga\u00e7\u00e3o de informa\u00e7\u00f5es inver\u00eddicas, mas o professor e ex-ministro observa que, historicamente, o n\u00e3o saber \u00e9 um est\u00edmulo para o saber.<\/p>\n<p>&#8220;At\u00e9 o s\u00e9culo 18, voc\u00ea tem pessoas que conhecem tudo: f\u00edsica, matem\u00e1tica, astronomia, l\u00ednguas cl\u00e1ssicas, hist\u00f3ria, literatura. Eram pessoas com saber muito abrangente&#8221;, diz Janine. Seguiu-se um processo de &#8220;especializa\u00e7\u00e3o&#8221; do conhecimento. Ele cita o cl\u00e1ssico aforismo atribu\u00eddo ao fil\u00f3sofo grego S\u00f3crates, &#8220;S\u00f3 sei que nada sei&#8221;, e lembra que passa a existir uma nova ideia de ci\u00eancia, pela busca do conhecimento. Os &#8220;furos&#8221;, no sentido de coisas por descobrir, s\u00e3o instigantes, desafiantes.<\/p>\n<p>\u00a0<\/p>\n<dl class=\"image-right captioned\" style=\"width: 360px;\">\n<dt><span class=\"tile-rights\">Wilson Dias\/Ag\u00eancia Brasil <\/span> <a href=\"https:\/\/www.redebrasilatual.com.br\/educacao\/2019\/02\/renato-janine-num-pais-onde-ignoranica-acha-que-sabe-tudo-educacao-como-ameaca\/janine\" rel=\"lightbox\"><img fetchpriority=\"high\" decoding=\"async\" class=\" lazyloaded\" title=\"janine\" src=\"https:\/\/www.redebrasilatual.com.br\/educacao\/2019\/02\/renato-janine-num-pais-onde-ignoranica-acha-que-sabe-tudo-educacao-como-ameaca\/janine\/@@images\/2fc8815f-2d90-4cfa-8357-91d5bfc055ea.jpeg\" alt=\"janine\" width=\"360\" height=\"226\" data-src=\"https:\/\/www.redebrasilatual.com.br\/educacao\/2019\/02\/renato-janine-num-pais-onde-ignoranica-acha-que-sabe-tudo-educacao-como-ameaca\/janine\/@@images\/2fc8815f-2d90-4cfa-8357-91d5bfc055ea.jpeg\" \/><\/a><\/dt>\n<dd class=\"image-caption\" style=\"width: 360px;\">O professor e ex-ministro Renato Janine Ribeiro<\/dd>\n<dd class=\"image-caption\" style=\"width: 360px;\"><\/dd>\n<dd class=\"image-caption\" style=\"width: 360px;\">Pesquisa relativamente recente mostrou que os professores da educa\u00e7\u00e3o b\u00e1sica liam, em m\u00e9dia, menos de dois livros por ano. Isso &#8220;torna as ideias de melhorar a educa\u00e7\u00e3o um tanto quanto ing\u00eanuas&#8221;<\/dd>\n<\/dl>\n<p>&#8220;A ci\u00eancia vai prosseguir despertando novas d\u00favidas. Cada descoberta cient\u00edfica abre espa\u00e7o para novas quest\u00f5es&#8221;, observa o professor. Nesse sentido, ningu\u00e9m, nem Darwin ou Einstein, oferecer\u00e1 resposta definitiva. A percep\u00e7\u00e3o do desconhecimento \u00e9 que propiciar\u00e1 avan\u00e7os. &#8220;Se voc\u00ea n\u00e3o tiver a percep\u00e7\u00e3o de que falta muito coisa, n\u00e3o d\u00e1 conta disso.&#8221;<\/p>\n<p>Mas h\u00e1 aqueles que parecem se satisfazer com a ignor\u00e2ncia. &#8220;S\u00e3o pessoas que est\u00e3o convencidas que o pouco que elas sabem \u00e9 mais que suficiente para explicar tudo&#8221;, diz Janine, citando a homossexualidade como exemplo. &#8220;Para muitos ignorantes, ela \u00e9 proibida, vai contra a natureza&#8230; S\u00e3o teses simplistas. A ignor\u00e2ncia acha que sabe tudo.&#8221;\u00a0Ele tamb\u00e9m destaca a divulga\u00e7\u00e3o \u2013 consciente \u2013 de mentiras, com forte impacto social.<\/p>\n<p>Ele volta ao tema da aula magna. &#8220;A esta altura, defender o livro, defender leitura, \u00e9 muito importante, porque \u00e9 uma das m\u00eddias mais interativas que existem&#8221;, afirma, lembrando que n\u00e3o se confirmou a expectativa de que o Kindle acabaria com o livro impresso, que ainda responde por 80% a 85% do total. Mas \u00e9 um pa\u00eds onde se l\u00ea pouco. &#8220;O livro n\u00e3o \u00e9 popular&#8221;, diz Janine.<\/p>\n<h3>Amea\u00e7a social<\/h3>\n<p>O professor titular de \u00c9tica e Filosofia Pol\u00edtica da Universidade de S\u00e3o Paulo (USP) \u00e9 uma exce\u00e7\u00e3o, como ele mesmo lembra. Come\u00e7ou a &#8220;devorar&#8221; livros assim que aprendeu a ler, por volta de 6 anos. &#8220;Meus pais tinham a cole\u00e7\u00e3o completa do <a class=\"internal-link\" title=\"\" href=\"https:\/\/www.redebrasilatual.com.br\/entretenimento\/2017\/11\/ousado-romance-lanca-capitu-no-centro-da-resolucao-do-enigma-policial\" target=\"_blank\" rel=\"noopener noreferrer\">Machado de Assis&#8221;<\/a>, recorda, citando uma cole\u00e7\u00e3o cl\u00e1ssica, da Editora Jackson, na ortografia anterior \u00e0 &#8220;reforma&#8221; de 1943. Recentemente, ele se p\u00f4s a ler Machado novamente, desta vez em vers\u00e3o digital, baixando quase de gra\u00e7a as obras completa do &#8220;bruxo do Cosme Velho&#8221;, bairro do Rio de Janeiro onde ele viveu.<\/p>\n<p>Mas ele acredita que h\u00e1 uma &#8220;campanha&#8221; permanente contra os livros. &#8220;Existe um est\u00edmulo constante para as pessoas n\u00e3o lerem.&#8221; Isso piora no atual governo, comenta o ex-ministro, porque a educa\u00e7\u00e3o passa a ser vista como amea\u00e7a social. &#8220;\u00c9 o primeiro governo que o Brasil elege, em tantos anos, que apresenta a educa\u00e7\u00e3o como perigo. Neste governo, a ideia da educa\u00e7\u00e3o \u00e9 de uma coisa perigosa, que pode se voltar contra a fam\u00edlia, ent\u00e3o \u00e9 um perigo, socialmente falando.&#8221; Ele lembra o caso de uma <a class=\"internal-link\" title=\"\" href=\"https:\/\/www.redebrasilatual.com.br\/eleicoes-2018\/professores-e-jornalistas-sao-alvos-da-repressao-de-apoiadores-de-bolsonaro\" target=\"_blank\" rel=\"noopener noreferrer\">parlamentar na regi\u00e3o Sul<\/a> que prop\u00f4s aos alunos que filmassem seus professores.<\/p>\n<p>Recentemente, em sua p\u00e1gina no Facebook, Janine postou reportagem do jornal <em>El Pa\u00eds<\/em>, sobre a transforma\u00e7\u00e3o social na Espanha, para melhor, com a chegada dos filhos dos mais pobres \u00e0s universidades. &#8220;A melhor resposta ao ministro, que se op\u00f5e \u00e0 inclus\u00e3o social na universidade: ela melhora os pa\u00edses&#8221;, escreveu, lembrando de declara\u00e7\u00e3o do atual ministro da Educa\u00e7\u00e3o no Brasil, Ricardo V\u00e9lez Rodrigues, para quem se trata de um espa\u00e7o reservado a uma &#8220;<a class=\"internal-link\" title=\"\" href=\"https:\/\/www.redebrasilatual.com.br\/educacao\/2019\/01\/ministro-da-educacao-diz-que-universidade-para-todos-nao-existe\" target=\"_blank\" rel=\"noopener noreferrer\">elite intelectual<\/a>&#8220;.<\/p>\n<p>Al\u00e9m do aspecto ideol\u00f3gico, h\u00e1 tamb\u00e9m defici\u00eancia de forma\u00e7\u00e3o, aponta Janine. Pesquisa relativamente recente mostrou que os professores da educa\u00e7\u00e3o b\u00e1sica liam, em m\u00e9dia, menos de dois livros por ano. Isso &#8220;torna as ideias de melhorar a educa\u00e7\u00e3o um tanto quanto ing\u00eanuas&#8221;.<\/p>\n<p>Janine conta que est\u00e1 sempre &#8220;lendo v\u00e1rios livros&#8221;,\u00a0 por m\u00faltiplos interesses. &#8220;N\u00e3o \u00e9 uma sociedade que incentiva a leitura. E, mais importante, a curiosidade, que \u00e9 algo crucial.&#8221;\u00a0<\/p>\n<p>\u00a0<\/p>\n<p><strong>Fonte: Rede Brasil Atual<\/strong><\/p>\n","protected":false},"excerpt":{"rendered":"<p>A import\u00e2ncia dos livros numa \u00e9poca em que se valoriza a ignor\u00e2ncia \u00e9 o tema da aula magna que o professor Renato Janine Ribeiro dar\u00e1 nesta quarta-feira (13), \u00e0s 19h, na sede da Funda\u00e7\u00e3o Editora Unesp, marcando o in\u00edcio do ano letivo da Universidade do Livro (Unil, Pra\u00e7a da S\u00e9, 108, centro da capital paulista).\u00a0O [&hellip;]<\/p>\n","protected":false},"author":2,"featured_media":6073,"comment_status":"","ping_status":"","sticky":false,"template":"","format":"standard","meta":{"footnotes":""},"categories":[3],"tags":[],"class_list":["post-6074","post","type-post","status-publish","format-standard","has-post-thumbnail","hentry","category-noticias"],"_links":{"self":[{"href":"https:\/\/hostnetart.com.br\/baixada\/wp-json\/wp\/v2\/posts\/6074","targetHints":{"allow":["GET"]}}],"collection":[{"href":"https:\/\/hostnetart.com.br\/baixada\/wp-json\/wp\/v2\/posts"}],"about":[{"href":"https:\/\/hostnetart.com.br\/baixada\/wp-json\/wp\/v2\/types\/post"}],"author":[{"embeddable":true,"href":"https:\/\/hostnetart.com.br\/baixada\/wp-json\/wp\/v2\/users\/2"}],"replies":[{"embeddable":true,"href":"https:\/\/hostnetart.com.br\/baixada\/wp-json\/wp\/v2\/comments?post=6074"}],"version-history":[{"count":0,"href":"https:\/\/hostnetart.com.br\/baixada\/wp-json\/wp\/v2\/posts\/6074\/revisions"}],"wp:featuredmedia":[{"embeddable":true,"href":"https:\/\/hostnetart.com.br\/baixada\/wp-json\/wp\/v2\/media\/6073"}],"wp:attachment":[{"href":"https:\/\/hostnetart.com.br\/baixada\/wp-json\/wp\/v2\/media?parent=6074"}],"wp:term":[{"taxonomy":"category","embeddable":true,"href":"https:\/\/hostnetart.com.br\/baixada\/wp-json\/wp\/v2\/categories?post=6074"},{"taxonomy":"post_tag","embeddable":true,"href":"https:\/\/hostnetart.com.br\/baixada\/wp-json\/wp\/v2\/tags?post=6074"}],"curies":[{"name":"wp","href":"https:\/\/api.w.org\/{rel}","templated":true}]}}