{"id":6070,"date":"2019-02-12T17:56:45","date_gmt":"2019-02-12T19:56:45","guid":{"rendered":"https:\/\/hostnetart.com.br\/baixada\/para-contraf-cut-greve-contra-as-privatizacoes-e-legal\/"},"modified":"2019-02-12T17:56:45","modified_gmt":"2019-02-12T19:56:45","slug":"para-contraf-cut-greve-contra-as-privatizacoes-e-legal","status":"publish","type":"post","link":"https:\/\/hostnetart.com.br\/baixada\/para-contraf-cut-greve-contra-as-privatizacoes-e-legal\/","title":{"rendered":"Para Contraf-CUT, greve contra as privatiza\u00e7\u00f5es \u00e9 legal"},"content":{"rendered":"<div class=\"content\">\n<p>A greve contra as privatiza\u00e7\u00f5es ser\u00e1 uma das mais duras que os trabalhadores brasileiros ter\u00e3o de enfrentar no pr\u00f3ximo per\u00edodo. O novo governo federal j\u00e1 deixou claro que pretende privatizar todas as empresas estatais que conseguirem. Agora, a novidade da vez \u00e9 a tentativa de tirar o direito dos funcion\u00e1rios se defenderem desses ataques.<\/p>\n<p>Nesta segunda-feira (11), a Se\u00e7\u00e3o de Diss\u00eddios Coletivos do Tribunal Superior do Trabalho decidiu que greve contra privatiza\u00e7\u00e3o \u00e9 abusiva, por 4 a 2. O relator do caso, ministro Maur\u00edcio Godinho, que ficou vencido, afirmou que greve do tipo s\u00e3o pela manuten\u00e7\u00e3o dos empregos e, por isso, n\u00e3o podem ser consideradas pol\u00edticas. \u201cExistem normas da OIT que dizem o mesmo, n\u00e3o podendo ser entendido o contr\u00e1rio\u201d, votou. Ele foi acompanhado pela ministra K\u00e1tia Arruda.<\/p>\n<p>A greve \u00e9 um direito fundamental assegurado pela Constitui\u00e7\u00e3o federal de 1988, que diz em seu artigo 9\u00ba que \u201cTrata-se de direito fundamental cujas limita\u00e7\u00f5es devem estar expressas na pr\u00f3pria Constitui\u00e7\u00e3o e que os abusos sujeitam os respons\u00e1veis \u00e0s penas da lei (\u00a7 2\u00ba do artigo 9\u00ba)\u201d.<\/p>\n<p>Para Juvandia Moreira, presidenta da Contraf-CUT, com a decis\u00e3o, o Tribunal ignora a Constitui\u00e7\u00e3o brasileira e a Conven\u00e7\u00e3o n\u00ba 87 da OIT. \u201cO Tribunal est\u00e1 agindo de forma pol\u00edtica e, consequentemente, prejudicando a popula\u00e7\u00e3o em geral. A defesa das estatais \u00e9 uma das prioridades da classe trabalhadora. Sabemos da import\u00e2ncia destas empresas para o desenvolvimento econ\u00f4mico e social do pa\u00eds.\u201d<\/p>\n<\/div>\n<p id=\"page-author\"><strong>Fonte: Contraf-CUT<\/strong><\/p>\n","protected":false},"excerpt":{"rendered":"<p>A greve contra as privatiza\u00e7\u00f5es ser\u00e1 uma das mais duras que os trabalhadores brasileiros ter\u00e3o de enfrentar no pr\u00f3ximo per\u00edodo. O novo governo federal j\u00e1 deixou claro que pretende privatizar todas as empresas estatais que conseguirem. Agora, a novidade da vez \u00e9 a tentativa de tirar o direito dos funcion\u00e1rios se defenderem desses ataques. Nesta [&hellip;]<\/p>\n","protected":false},"author":2,"featured_media":6069,"comment_status":"","ping_status":"","sticky":false,"template":"","format":"standard","meta":{"footnotes":""},"categories":[3],"tags":[],"class_list":["post-6070","post","type-post","status-publish","format-standard","has-post-thumbnail","hentry","category-noticias"],"_links":{"self":[{"href":"https:\/\/hostnetart.com.br\/baixada\/wp-json\/wp\/v2\/posts\/6070","targetHints":{"allow":["GET"]}}],"collection":[{"href":"https:\/\/hostnetart.com.br\/baixada\/wp-json\/wp\/v2\/posts"}],"about":[{"href":"https:\/\/hostnetart.com.br\/baixada\/wp-json\/wp\/v2\/types\/post"}],"author":[{"embeddable":true,"href":"https:\/\/hostnetart.com.br\/baixada\/wp-json\/wp\/v2\/users\/2"}],"replies":[{"embeddable":true,"href":"https:\/\/hostnetart.com.br\/baixada\/wp-json\/wp\/v2\/comments?post=6070"}],"version-history":[{"count":0,"href":"https:\/\/hostnetart.com.br\/baixada\/wp-json\/wp\/v2\/posts\/6070\/revisions"}],"wp:featuredmedia":[{"embeddable":true,"href":"https:\/\/hostnetart.com.br\/baixada\/wp-json\/wp\/v2\/media\/6069"}],"wp:attachment":[{"href":"https:\/\/hostnetart.com.br\/baixada\/wp-json\/wp\/v2\/media?parent=6070"}],"wp:term":[{"taxonomy":"category","embeddable":true,"href":"https:\/\/hostnetart.com.br\/baixada\/wp-json\/wp\/v2\/categories?post=6070"},{"taxonomy":"post_tag","embeddable":true,"href":"https:\/\/hostnetart.com.br\/baixada\/wp-json\/wp\/v2\/tags?post=6070"}],"curies":[{"name":"wp","href":"https:\/\/api.w.org\/{rel}","templated":true}]}}