{"id":6068,"date":"2019-02-12T17:55:55","date_gmt":"2019-02-12T19:55:55","guid":{"rendered":"https:\/\/hostnetart.com.br\/baixada\/coletivo-juridico-nacional-vai-debater-medidas-que-afetam-diretamente-os-trabalhadores\/"},"modified":"2019-02-12T17:55:55","modified_gmt":"2019-02-12T19:55:55","slug":"coletivo-juridico-nacional-vai-debater-medidas-que-afetam-diretamente-os-trabalhadores","status":"publish","type":"post","link":"https:\/\/hostnetart.com.br\/baixada\/coletivo-juridico-nacional-vai-debater-medidas-que-afetam-diretamente-os-trabalhadores\/","title":{"rendered":"Coletivo Jur\u00eddico Nacional vai debater medidas que afetam diretamente os trabalhadores"},"content":{"rendered":"<div class=\"content\">\n<p>Uma reuni\u00e3o ampliada do Coletivo Jur\u00eddico Nacional ir\u00e1 debater, na pr\u00f3xima quinta-feira (19), as pautas em debate Legislativo Federal (C\u00e2mara dos Deputados e Senado Federal), no Executivo Federal e no Judici\u00e1rio que afetam diretamente os trabalhadores.<\/p>\n<p>O evento foi deliberado pela dire\u00e7\u00e3o executiva da Contraf-CUT, em conson\u00e2ncia com os debates do Comando Nacional dos Banc\u00e1rios, sobre os reflexos ap\u00f3s implementa\u00e7\u00e3o da Reforma Trabalhista, da Lei das Terceiriza\u00e7\u00f5es e da an\u00e1lise dos poss\u00edveis cen\u00e1rios quanto \u00e0s propostas de reforma da Previd\u00eancia Social.<\/p>\n<p>\u201cEsta reuni\u00e3o ter\u00e1, inclusive, a perspectiva de apontar a\u00e7\u00f5es pol\u00edticas de organiza\u00e7\u00e3o e resist\u00eancia frente aos ataques aos direitos dos trabalhadores\u201d, afirmou Mauri S\u00e9rgio Martins de Souza, secret\u00e1rio de Assuntos Jur\u00eddicos da Contraf-CUT.<\/p>\n<p>Durante o evento, ser\u00e1 lan\u00e7ada, pela Secretaria de Comunica\u00e7\u00e3o, a Cartilha\u00a0<em>\u201cConven\u00e7\u00e3o Coletiva de Rela\u00e7\u00f5es Sindicais 2018-2020\u201d<\/em>. A publica\u00e7\u00e3o traz os aspectos principais da Conven\u00e7\u00e3o Coletiva de Trabalho (CCT) de Rela\u00e7\u00f5es Sindicais 2018-2020 que, posteriormente, ser\u00e1 disponibilizada \u00e0s entidades filiadas.<\/p>\n<p>Podem participar da reuni\u00e3o ampliada do Coletivo Jur\u00eddico Nacional todos os dirigentes sindicais banc\u00e1rios e \u00e0s assessorias.<\/p>\n<\/div>\n<p id=\"page-author\"><strong>Fonte: Contraf-CUT<\/strong><\/p>\n","protected":false},"excerpt":{"rendered":"<p>Uma reuni\u00e3o ampliada do Coletivo Jur\u00eddico Nacional ir\u00e1 debater, na pr\u00f3xima quinta-feira (19), as pautas em debate Legislativo Federal (C\u00e2mara dos Deputados e Senado Federal), no Executivo Federal e no Judici\u00e1rio que afetam diretamente os trabalhadores. O evento foi deliberado pela dire\u00e7\u00e3o executiva da Contraf-CUT, em conson\u00e2ncia com os debates do Comando Nacional dos Banc\u00e1rios, [&hellip;]<\/p>\n","protected":false},"author":2,"featured_media":6067,"comment_status":"","ping_status":"","sticky":false,"template":"","format":"standard","meta":{"footnotes":""},"categories":[3],"tags":[],"class_list":["post-6068","post","type-post","status-publish","format-standard","has-post-thumbnail","hentry","category-noticias"],"_links":{"self":[{"href":"https:\/\/hostnetart.com.br\/baixada\/wp-json\/wp\/v2\/posts\/6068","targetHints":{"allow":["GET"]}}],"collection":[{"href":"https:\/\/hostnetart.com.br\/baixada\/wp-json\/wp\/v2\/posts"}],"about":[{"href":"https:\/\/hostnetart.com.br\/baixada\/wp-json\/wp\/v2\/types\/post"}],"author":[{"embeddable":true,"href":"https:\/\/hostnetart.com.br\/baixada\/wp-json\/wp\/v2\/users\/2"}],"replies":[{"embeddable":true,"href":"https:\/\/hostnetart.com.br\/baixada\/wp-json\/wp\/v2\/comments?post=6068"}],"version-history":[{"count":0,"href":"https:\/\/hostnetart.com.br\/baixada\/wp-json\/wp\/v2\/posts\/6068\/revisions"}],"wp:featuredmedia":[{"embeddable":true,"href":"https:\/\/hostnetart.com.br\/baixada\/wp-json\/wp\/v2\/media\/6067"}],"wp:attachment":[{"href":"https:\/\/hostnetart.com.br\/baixada\/wp-json\/wp\/v2\/media?parent=6068"}],"wp:term":[{"taxonomy":"category","embeddable":true,"href":"https:\/\/hostnetart.com.br\/baixada\/wp-json\/wp\/v2\/categories?post=6068"},{"taxonomy":"post_tag","embeddable":true,"href":"https:\/\/hostnetart.com.br\/baixada\/wp-json\/wp\/v2\/tags?post=6068"}],"curies":[{"name":"wp","href":"https:\/\/api.w.org\/{rel}","templated":true}]}}