{"id":6066,"date":"2019-02-12T17:36:15","date_gmt":"2019-02-12T19:36:15","guid":{"rendered":"https:\/\/hostnetart.com.br\/baixada\/bancarios-do-bb-realizam-dia-nacional-de-luta-nesta-quinta-14\/"},"modified":"2019-02-12T17:36:15","modified_gmt":"2019-02-12T19:36:15","slug":"bancarios-do-bb-realizam-dia-nacional-de-luta-nesta-quinta-14","status":"publish","type":"post","link":"https:\/\/hostnetart.com.br\/baixada\/bancarios-do-bb-realizam-dia-nacional-de-luta-nesta-quinta-14\/","title":{"rendered":"Banc\u00e1rios do BB realizam Dia Nacional de Luta, nesta quinta (14)"},"content":{"rendered":"<div class=\"content\">\n<p>Os banc\u00e1rios do Banco do Brasil realizam, nesta quinta-feira (14), o Dia Nacional de Luta contra os descomissionamentos no banco. Nos \u00faltimos dias uma nova onda de descomissionamentos no Banco do Brasil fez novas v\u00edtimas com a perda do cargo e redu\u00e7\u00e3o de sal\u00e1rio via Gest\u00e3o de Desenvolvimento por Compet\u00eancias (GDP).<\/p>\n<p>Isso porque, o novo modelo de gerenciamento dos escrit\u00f3rios, com as Superintend\u00eancias Centralizadoras, tem feito \u00e0 dist\u00e2ncia uma maior press\u00e3o sobre os administradores para descomissionar mesmo sem observar os crit\u00e9rios hist\u00f3ricos.<\/p>\n<p>O Banco investiu milh\u00f5es de reais no desenvolvimento da ferramenta, com treinamento de gestores e demais funcion\u00e1rios para efetivar a aplica\u00e7\u00e3o da GDP. Contudo, o dinheiro investido est\u00e1 sendo jogado fora pois n\u00e3o se adota mais os crit\u00e9rios de avalia\u00e7\u00e3o em 360\u00ba conforme propagado.<\/p>\n<p>Agora, para retirar o cargo dos funcion\u00e1rios, basta uma nota abaixo da m\u00e9dia vinda do superior que o banco entende que pode efetivar o descomissionamento.<\/p>\n<p>Wagner Nascimento, coordenador da Comiss\u00e3o de Empresa dos Funcion\u00e1rios do Banco do Brasil, convocou os trabalhadores para as atividades programadas para todo o pa\u00eds. \u201cA Contraf-CUT orienta todos os sindicatos e federa\u00e7\u00f5es a participarem desta mobiliza\u00e7\u00e3o de luta contra os descomissionamentos no BB\u201d.<\/p>\n<\/div>\n<p id=\"page-author\"><strong>Fonte: Contraf-CUT<\/strong><\/p>\n","protected":false},"excerpt":{"rendered":"<p>Os banc\u00e1rios do Banco do Brasil realizam, nesta quinta-feira (14), o Dia Nacional de Luta contra os descomissionamentos no banco. Nos \u00faltimos dias uma nova onda de descomissionamentos no Banco do Brasil fez novas v\u00edtimas com a perda do cargo e redu\u00e7\u00e3o de sal\u00e1rio via Gest\u00e3o de Desenvolvimento por Compet\u00eancias (GDP). Isso porque, o novo [&hellip;]<\/p>\n","protected":false},"author":2,"featured_media":6065,"comment_status":"","ping_status":"","sticky":false,"template":"","format":"standard","meta":{"footnotes":""},"categories":[3],"tags":[],"class_list":["post-6066","post","type-post","status-publish","format-standard","has-post-thumbnail","hentry","category-noticias"],"_links":{"self":[{"href":"https:\/\/hostnetart.com.br\/baixada\/wp-json\/wp\/v2\/posts\/6066","targetHints":{"allow":["GET"]}}],"collection":[{"href":"https:\/\/hostnetart.com.br\/baixada\/wp-json\/wp\/v2\/posts"}],"about":[{"href":"https:\/\/hostnetart.com.br\/baixada\/wp-json\/wp\/v2\/types\/post"}],"author":[{"embeddable":true,"href":"https:\/\/hostnetart.com.br\/baixada\/wp-json\/wp\/v2\/users\/2"}],"replies":[{"embeddable":true,"href":"https:\/\/hostnetart.com.br\/baixada\/wp-json\/wp\/v2\/comments?post=6066"}],"version-history":[{"count":0,"href":"https:\/\/hostnetart.com.br\/baixada\/wp-json\/wp\/v2\/posts\/6066\/revisions"}],"wp:featuredmedia":[{"embeddable":true,"href":"https:\/\/hostnetart.com.br\/baixada\/wp-json\/wp\/v2\/media\/6065"}],"wp:attachment":[{"href":"https:\/\/hostnetart.com.br\/baixada\/wp-json\/wp\/v2\/media?parent=6066"}],"wp:term":[{"taxonomy":"category","embeddable":true,"href":"https:\/\/hostnetart.com.br\/baixada\/wp-json\/wp\/v2\/categories?post=6066"},{"taxonomy":"post_tag","embeddable":true,"href":"https:\/\/hostnetart.com.br\/baixada\/wp-json\/wp\/v2\/tags?post=6066"}],"curies":[{"name":"wp","href":"https:\/\/api.w.org\/{rel}","templated":true}]}}