{"id":6064,"date":"2019-02-12T17:34:25","date_gmt":"2019-02-12T19:34:25","guid":{"rendered":"https:\/\/hostnetart.com.br\/baixada\/contraf-cut-solicita-reuniao-com-o-bradesco-para-esclarecer-pde\/"},"modified":"2019-02-12T17:34:25","modified_gmt":"2019-02-12T19:34:25","slug":"contraf-cut-solicita-reuniao-com-o-bradesco-para-esclarecer-pde","status":"publish","type":"post","link":"https:\/\/hostnetart.com.br\/baixada\/contraf-cut-solicita-reuniao-com-o-bradesco-para-esclarecer-pde\/","title":{"rendered":"Contraf-CUT solicita reuni\u00e3o com o Bradesco para esclarecer PDE"},"content":{"rendered":"<div class=\"content\">\n<p>A Contraf-CUT, por interm\u00e9dio da Comiss\u00e3o de Organiza\u00e7\u00e3o dos Empregados (COE) do Bradesco, solicitou uma reuni\u00e3o com a dire\u00e7\u00e3o do banco para esclarecimentos sobre o Pr\u00eamio de Desenvolvimento Extraordin\u00e1rio (PDE), que j\u00e1 est\u00e1 sendo implantado desde janeiro de 2019, a regulamenta\u00e7\u00e3o do programa, que ser\u00e1 conclu\u00edda em mar\u00e7o, segundo informa\u00e7\u00e3o do Banco<\/p>\n<p>Magaly Fagundes, coordenadora do COE, diz que \u00e9 fundamental que a reuni\u00e3o aconte\u00e7a ainda em fevereiro. \u201cConsta na nossa pauta de reivindica\u00e7\u00e3o a remunera\u00e7\u00e3o pr\u00f3pria, \u00e9 importante sabermos se envolve todos os funcion\u00e1rios e quais os crit\u00e9rios ser\u00e3o usados.\u201d<\/p>\n<\/div>\n<p id=\"page-author\"><strong>Fonte: Contraf-CUT<\/strong><\/p>\n","protected":false},"excerpt":{"rendered":"<p>A Contraf-CUT, por interm\u00e9dio da Comiss\u00e3o de Organiza\u00e7\u00e3o dos Empregados (COE) do Bradesco, solicitou uma reuni\u00e3o com a dire\u00e7\u00e3o do banco para esclarecimentos sobre o Pr\u00eamio de Desenvolvimento Extraordin\u00e1rio (PDE), que j\u00e1 est\u00e1 sendo implantado desde janeiro de 2019, a regulamenta\u00e7\u00e3o do programa, que ser\u00e1 conclu\u00edda em mar\u00e7o, segundo informa\u00e7\u00e3o do Banco Magaly Fagundes, coordenadora [&hellip;]<\/p>\n","protected":false},"author":2,"featured_media":6063,"comment_status":"","ping_status":"","sticky":false,"template":"","format":"standard","meta":{"footnotes":""},"categories":[3],"tags":[],"class_list":["post-6064","post","type-post","status-publish","format-standard","has-post-thumbnail","hentry","category-noticias"],"_links":{"self":[{"href":"https:\/\/hostnetart.com.br\/baixada\/wp-json\/wp\/v2\/posts\/6064","targetHints":{"allow":["GET"]}}],"collection":[{"href":"https:\/\/hostnetart.com.br\/baixada\/wp-json\/wp\/v2\/posts"}],"about":[{"href":"https:\/\/hostnetart.com.br\/baixada\/wp-json\/wp\/v2\/types\/post"}],"author":[{"embeddable":true,"href":"https:\/\/hostnetart.com.br\/baixada\/wp-json\/wp\/v2\/users\/2"}],"replies":[{"embeddable":true,"href":"https:\/\/hostnetart.com.br\/baixada\/wp-json\/wp\/v2\/comments?post=6064"}],"version-history":[{"count":0,"href":"https:\/\/hostnetart.com.br\/baixada\/wp-json\/wp\/v2\/posts\/6064\/revisions"}],"wp:featuredmedia":[{"embeddable":true,"href":"https:\/\/hostnetart.com.br\/baixada\/wp-json\/wp\/v2\/media\/6063"}],"wp:attachment":[{"href":"https:\/\/hostnetart.com.br\/baixada\/wp-json\/wp\/v2\/media?parent=6064"}],"wp:term":[{"taxonomy":"category","embeddable":true,"href":"https:\/\/hostnetart.com.br\/baixada\/wp-json\/wp\/v2\/categories?post=6064"},{"taxonomy":"post_tag","embeddable":true,"href":"https:\/\/hostnetart.com.br\/baixada\/wp-json\/wp\/v2\/tags?post=6064"}],"curies":[{"name":"wp","href":"https:\/\/api.w.org\/{rel}","templated":true}]}}