{"id":6059,"date":"2019-02-12T12:18:47","date_gmt":"2019-02-12T14:18:47","guid":{"rendered":"https:\/\/hostnetart.com.br\/baixada\/mais-de-11-milhoes-de-jovens-sem-trabalho-e-estudo-e-sem-oportunidades\/"},"modified":"2019-02-12T12:18:47","modified_gmt":"2019-02-12T14:18:47","slug":"mais-de-11-milhoes-de-jovens-sem-trabalho-e-estudo-e-sem-oportunidades","status":"publish","type":"post","link":"https:\/\/hostnetart.com.br\/baixada\/mais-de-11-milhoes-de-jovens-sem-trabalho-e-estudo-e-sem-oportunidades\/","title":{"rendered":"Mais de 11 milh\u00f5es de jovens sem trabalho e estudo. E sem oportunidades"},"content":{"rendered":"<p class=\" \">Para estudantes e rec\u00e9m-formados ouvidos pela\u00a0<strong>TVT,\u00a0\u00a0<\/strong>a\u00a0<a class=\"internal-link\" title=\"\" href=\"https:\/\/www.redebrasilatual.com.br\/trabalho\/2019\/02\/desalento-e-informalidade-devem-aumentar-no-governo-bolsonaro-preve-dieese-1\" target=\"_blank\" rel=\"noopener noreferrer\">&#8220;reforma&#8221; trabalhista<\/a>, diferentemente\u00a0do que anuncia o governo Bolsonaro, compromete o futuro de todos os trabalhadores, em especial dos que est\u00e3o tentando ingressar no mercado de trabalho.\u00a0&#8220;Trabalhar em situa\u00e7\u00f5es prec\u00e1rias n\u00e3o tem como&#8221;, contesta\u00a0Gabriela de Souza F\u00e1varo Lopes, de 17 anos.\u00a0<\/p>\n<p class=\" \">Estar fora da escola ou sem um emprego, podem indicar, na verdade, a crescente falta de oportunidades enfrentada pelos jovens, como constatou\u00a0<a class=\"internal-link\" title=\"\" href=\"https:\/\/www.redebrasilatual.com.br\/trabalho\/2018\/12\/nem-nem-para-dieese-faltam-oportunidades-e-igualdade-aos-jovens\" target=\"_blank\" rel=\"noopener noreferrer\">pesquisadores do Dieese<\/a>\u00a0a partir do resultado do terceiro trimestre de 2018 da Pesquisa Nacional por Amostra de Domic\u00edlios (Pnad) Cont\u00ednua, realizada pelo IBGE, e que contraria a ideia de que a situa\u00e7\u00e3o de inatividade \u00e9 de responsabilidade apenas da gera\u00e7\u00e3o conhecida como &#8220;nem-nem&#8221; \u2013 nem estudando e nem empregado.<\/p>\n<p class=\" \">A jovem Ana Cristina Almeida da Silva, de 18 anos, conhece de perto essa realidade. Mesmo com duas forma\u00e7\u00f5es t\u00e9cnicas, conclu\u00eddas no ano passado, Ana n\u00e3o conseguiu nenhuma oportunidade de trabalho, seja por restri\u00e7\u00f5es impostas por sites de busca\u00a0<em>online,<\/em>\u00a0que exigem pagamento para acessar uma vaga,\u00a0 ou pelos crit\u00e9rios dos empregadores, como por exemplo exigir experi\u00eancia de quem, muitas vezes, est\u00e1 em busca do\u00a0<a class=\"internal-link\" title=\"\" href=\"https:\/\/www.redebrasilatual.com.br\/revistas\/147\/ha-futuro-jovens-querem-seguir-juntos-ocupar-espacos-resistir\" target=\"_blank\" rel=\"noopener noreferrer\">primeiro emprego<\/a>. &#8220;Eu acabava n\u00e3o tendo op\u00e7\u00e3o&#8221;, afirma, \u00e0 rep\u00f3rter Michelle Gomes, do\u00a0<i>Seu Jornal<\/i>.<\/p>\n<p class=\" \">No Brasil, o n\u00famero de pessoas entre 15 e 29 anos que est\u00e3o sem trabalho e fora de institui\u00e7\u00f5es de ensino, j\u00e1 ultrapassa a casa dos 11 milh\u00f5es e, segundo acrescenta o economista do Dieese Gustavo Monteiro, apenas 5% dessa parcela de fato n\u00e3o quer trabalhar.\u00a0<\/p>\n<p class=\" \">\u00a0<\/p>\n<p class=\" \"><strong>Fonte: Rede Brasil Atual<\/strong><\/p>\n","protected":false},"excerpt":{"rendered":"<p>Para estudantes e rec\u00e9m-formados ouvidos pela\u00a0TVT,\u00a0\u00a0a\u00a0&#8220;reforma&#8221; trabalhista, diferentemente\u00a0do que anuncia o governo Bolsonaro, compromete o futuro de todos os trabalhadores, em especial dos que est\u00e3o tentando ingressar no mercado de trabalho.\u00a0&#8220;Trabalhar em situa\u00e7\u00f5es prec\u00e1rias n\u00e3o tem como&#8221;, contesta\u00a0Gabriela de Souza F\u00e1varo Lopes, de 17 anos.\u00a0 Estar fora da escola ou sem um emprego, podem indicar, [&hellip;]<\/p>\n","protected":false},"author":2,"featured_media":6058,"comment_status":"","ping_status":"","sticky":false,"template":"","format":"standard","meta":{"footnotes":""},"categories":[3],"tags":[],"class_list":["post-6059","post","type-post","status-publish","format-standard","has-post-thumbnail","hentry","category-noticias"],"_links":{"self":[{"href":"https:\/\/hostnetart.com.br\/baixada\/wp-json\/wp\/v2\/posts\/6059","targetHints":{"allow":["GET"]}}],"collection":[{"href":"https:\/\/hostnetart.com.br\/baixada\/wp-json\/wp\/v2\/posts"}],"about":[{"href":"https:\/\/hostnetart.com.br\/baixada\/wp-json\/wp\/v2\/types\/post"}],"author":[{"embeddable":true,"href":"https:\/\/hostnetart.com.br\/baixada\/wp-json\/wp\/v2\/users\/2"}],"replies":[{"embeddable":true,"href":"https:\/\/hostnetart.com.br\/baixada\/wp-json\/wp\/v2\/comments?post=6059"}],"version-history":[{"count":0,"href":"https:\/\/hostnetart.com.br\/baixada\/wp-json\/wp\/v2\/posts\/6059\/revisions"}],"wp:featuredmedia":[{"embeddable":true,"href":"https:\/\/hostnetart.com.br\/baixada\/wp-json\/wp\/v2\/media\/6058"}],"wp:attachment":[{"href":"https:\/\/hostnetart.com.br\/baixada\/wp-json\/wp\/v2\/media?parent=6059"}],"wp:term":[{"taxonomy":"category","embeddable":true,"href":"https:\/\/hostnetart.com.br\/baixada\/wp-json\/wp\/v2\/categories?post=6059"},{"taxonomy":"post_tag","embeddable":true,"href":"https:\/\/hostnetart.com.br\/baixada\/wp-json\/wp\/v2\/tags?post=6059"}],"curies":[{"name":"wp","href":"https:\/\/api.w.org\/{rel}","templated":true}]}}