{"id":6055,"date":"2019-02-12T12:11:45","date_gmt":"2019-02-12T14:11:45","guid":{"rendered":"https:\/\/hostnetart.com.br\/baixada\/em-2018-com-temer-trabalhadoras-domesticas-enfrentaram-pior-ano\/"},"modified":"2019-02-12T12:11:45","modified_gmt":"2019-02-12T14:11:45","slug":"em-2018-com-temer-trabalhadoras-domesticas-enfrentaram-pior-ano","status":"publish","type":"post","link":"https:\/\/hostnetart.com.br\/baixada\/em-2018-com-temer-trabalhadoras-domesticas-enfrentaram-pior-ano\/","title":{"rendered":"Em 2018, com Temer, trabalhadoras dom\u00e9sticas enfrentaram pior ano"},"content":{"rendered":"<p class=\" \">O total de<a class=\"internal-link\" title=\"\" href=\"https:\/\/www.redebrasilatual.com.br\/cidadania\/2019\/01\/documentario-resgata-luta-das-trabalhadoras-domesticas-no-rio-de-janeiro\" target=\"_blank\" rel=\"noopener noreferrer\">\u00a0trabalhadoras dom\u00e9sticas<\/a>\u00a0<a class=\"internal-link\" title=\"\" href=\"https:\/\/www.redebrasilatual.com.br\/trabalho\/2018\/08\/crescimento-do-trabalho-domestico-encobre-falta-de-politicas-do-estado\" target=\"_blank\" rel=\"noopener noreferrer\">bateu recorde<\/a>, em 2018, ao mesmo tempo em que foi registrado o menor n\u00famero de carteiras assinadas desde 2012, in\u00edcio da s\u00e9rie hist\u00f3rica da Pesquisa Nacional por Amostra de Domic\u00edlios\u00a0<a class=\"external-link\" title=\"\" href=\"https:\/\/agenciadenoticias.ibge.gov.br\/agencia-noticias\/2012-agencia-de-noticias\/noticias\/23652-desocupacao-cai-para-12-3-no-ano-com-recorde-de-pessoas-na-informalidade\" target=\"_blank\" rel=\"noopener noreferrer\">(Pnad) Cont\u00ednua, do IBGE<\/a>. De acordo com a Pnad, do total de 6,2 milh\u00f5es de trabalhadores no setor, menos de um ter\u00e7o (29,2%) tinham registro.<\/p>\n<p class=\" \">A partir da chamada PEC das Dom\u00e9sticas que garantiu direitos \u00e0 categoria, em 2013, registro de trabalhadoras formais havia passado de 1,5 milh\u00e3o de trabalhadoras para 2 milh\u00f5es em 2016. Um aumento lento, segundo a coordenadora de pesquisas do Dieese, Patr\u00edcia Pelatieri, mas que representava um avan\u00e7o, agora interrompido.<\/p>\n<p class=\" \">Em entrevista \u00e0\u00a0<b>R\u00e1dio Brasil Atual<\/b>, Patr\u00edcia atribuiu a situa\u00e7\u00e3o como\u00a0<a class=\"internal-link\" title=\"\" href=\"https:\/\/www.redebrasilatual.com.br\/trabalho\/2018\/04\/crise-interrompe-processo-de-formalizacao-no-emprego-domestico\" target=\"_blank\" rel=\"noopener noreferrer\">consequ\u00eancia das pol\u00edticas de austeridade<\/a>\u00a0que vem sendo adotadas desde o golpe de 2016, que dep\u00f4s a ex-presidenta Dilma Rousseff. &#8220;\u00c9 mais uma estat\u00edstica que mostra o desastre da pol\u00edtica econ\u00f4mica adotada pelo governo Temer, e que o novo ministro da Economia pretende aprofundar&#8221;, afirma a coordenadora \u00e0 jornalista Marilu Caba\u00f1as.<\/p>\n<p class=\" \">A Pnad Cont\u00ednua revela ainda queda na remunera\u00e7\u00e3o dessas profissionais, que sa\u00edram de uma m\u00e9dia de R$ 887, no \u00faltimo trimestre de 2017, para R$ 879 por m\u00eas em igual per\u00edodo de 2018. &#8220;O que vemos \u00e9 um retrato de um pa\u00eds que escolhe andar para tr\u00e1s e penaliza os segmentos mais vulner\u00e1veis da popula\u00e7\u00e3o&#8221;, lamenta a t\u00e9cnica do Dieese.<\/p>\n<p class=\" \">\u00a0<\/p>\n<p class=\" \"><span style=\"text-decoration: underline;\"><strong>Fonte: Rede Brasil Atual<\/strong><\/span><\/p>\n","protected":false},"excerpt":{"rendered":"<p>O total de\u00a0trabalhadoras dom\u00e9sticas\u00a0bateu recorde, em 2018, ao mesmo tempo em que foi registrado o menor n\u00famero de carteiras assinadas desde 2012, in\u00edcio da s\u00e9rie hist\u00f3rica da Pesquisa Nacional por Amostra de Domic\u00edlios\u00a0(Pnad) Cont\u00ednua, do IBGE. De acordo com a Pnad, do total de 6,2 milh\u00f5es de trabalhadores no setor, menos de um ter\u00e7o (29,2%) [&hellip;]<\/p>\n","protected":false},"author":2,"featured_media":6054,"comment_status":"","ping_status":"","sticky":false,"template":"","format":"standard","meta":{"footnotes":""},"categories":[3],"tags":[],"class_list":["post-6055","post","type-post","status-publish","format-standard","has-post-thumbnail","hentry","category-noticias"],"_links":{"self":[{"href":"https:\/\/hostnetart.com.br\/baixada\/wp-json\/wp\/v2\/posts\/6055","targetHints":{"allow":["GET"]}}],"collection":[{"href":"https:\/\/hostnetart.com.br\/baixada\/wp-json\/wp\/v2\/posts"}],"about":[{"href":"https:\/\/hostnetart.com.br\/baixada\/wp-json\/wp\/v2\/types\/post"}],"author":[{"embeddable":true,"href":"https:\/\/hostnetart.com.br\/baixada\/wp-json\/wp\/v2\/users\/2"}],"replies":[{"embeddable":true,"href":"https:\/\/hostnetart.com.br\/baixada\/wp-json\/wp\/v2\/comments?post=6055"}],"version-history":[{"count":0,"href":"https:\/\/hostnetart.com.br\/baixada\/wp-json\/wp\/v2\/posts\/6055\/revisions"}],"wp:featuredmedia":[{"embeddable":true,"href":"https:\/\/hostnetart.com.br\/baixada\/wp-json\/wp\/v2\/media\/6054"}],"wp:attachment":[{"href":"https:\/\/hostnetart.com.br\/baixada\/wp-json\/wp\/v2\/media?parent=6055"}],"wp:term":[{"taxonomy":"category","embeddable":true,"href":"https:\/\/hostnetart.com.br\/baixada\/wp-json\/wp\/v2\/categories?post=6055"},{"taxonomy":"post_tag","embeddable":true,"href":"https:\/\/hostnetart.com.br\/baixada\/wp-json\/wp\/v2\/tags?post=6055"}],"curies":[{"name":"wp","href":"https:\/\/api.w.org\/{rel}","templated":true}]}}