{"id":6043,"date":"2019-02-08T04:46:19","date_gmt":"2019-02-08T06:46:19","guid":{"rendered":"https:\/\/hostnetart.com.br\/baixada\/reforma-da-previdencia-penaliza-os-jovens\/"},"modified":"2019-02-08T04:46:19","modified_gmt":"2019-02-08T06:46:19","slug":"reforma-da-previdencia-penaliza-os-jovens","status":"publish","type":"post","link":"https:\/\/hostnetart.com.br\/baixada\/reforma-da-previdencia-penaliza-os-jovens\/","title":{"rendered":"Reforma da Previd\u00eancia penaliza os jovens"},"content":{"rendered":"<div class=\"content\">\n<p>Os jovens tamb\u00e9m ser\u00e3o muito afetados com a Reforma da Previd\u00eancia. Isso ficou claro na afirma\u00e7\u00e3o do ministro da Economia, Paulo Guedes, nesta ter\u00e7a-feira (5), de que o texto da reforma da Previd\u00eancia incluir\u00e1 uma nova op\u00e7\u00e3o de regime trabalhista para os jovens que ingressarem no mercado de trabalho.<\/p>\n<p>Segundo ele, Paulo Guedes, se aprovada, a PEC da Previd\u00eancia, coexistir\u00e3o, no mercado de trabalho, os dois sistemas: o novo, desconstitucionalizado e desregulamentado e o atual, inspirado na &#8220;Carta del Lavoro&#8221; (de Benito Mussolini), com a Justi\u00e7a do Trabalho, os sindicatos e poucos empregos.<\/p>\n<p>Deixando claro sua ideologia e os interesses por tr\u00e1s da reforma, o ministro chamou o velho regime de &#8220;porta da esquerda&#8221;, no qual prevaleceriam os &#8220;muitos direitos e poucos empregos&#8221;. O novo seria a &#8220;porta da direita&#8221;, com menos direitos e muitos empregos. A sociedade brasileira poder\u00e1 comparar os dois. Ele aposta que o regime opcional para os jovens entrantes no mercado de trabalho far\u00e1 com que se ateste as vantagens de regras menos r\u00edgidas a respeito de dos direitos existentes hoje.<\/p>\n<p>Na carteira de trabalho &#8220;verde e amarela&#8221; prevalecer\u00e1 o contrato individual. Ser\u00e3o mantidos os direitos constitucionais (f\u00e9rias anuais de 30 dias, descanso semanal, 13\u00ba sal\u00e1rio, bonifica\u00e7\u00e3o de f\u00e9rias). J\u00e1 os benef\u00edcios agregados aos contratos de trabalho por for\u00e7a de acordos sindicais \u2013 como valor dos vales transporte e refei\u00e7\u00e3o \u2013 podem ser subtra\u00eddos; e contenciosos entre patr\u00f5es e empregados devem ser resolvidos na Justi\u00e7a comum.<\/p>\n<p>Com o tempo, a Justi\u00e7a do Trabalho perderia sua clientela. O ministro salientou que a proposta de reforma previdenci\u00e1ria e trabalhista ainda n\u00e3o foi aprovada pelo presidente Jair Bolsonaro. Candidata a ser enviada ao Congresso t\u00e3o logo a reforma previdenci\u00e1ria e trabalhista tiver sido aprovada, o ministro quer fazer uma reforma tribut\u00e1ria &#8220;forte, dr\u00e1stica&#8221;. Dos 54 impostos e contribui\u00e7\u00f5es dever\u00e3o sobrar uns seis ou sete, disse.<\/p>\n<\/div>\n<p id=\"page-author\"><strong>Fonte: Contraf-CUT<\/strong><\/p>\n","protected":false},"excerpt":{"rendered":"<p>Os jovens tamb\u00e9m ser\u00e3o muito afetados com a Reforma da Previd\u00eancia. Isso ficou claro na afirma\u00e7\u00e3o do ministro da Economia, Paulo Guedes, nesta ter\u00e7a-feira (5), de que o texto da reforma da Previd\u00eancia incluir\u00e1 uma nova op\u00e7\u00e3o de regime trabalhista para os jovens que ingressarem no mercado de trabalho. Segundo ele, Paulo Guedes, se aprovada, [&hellip;]<\/p>\n","protected":false},"author":2,"featured_media":6042,"comment_status":"","ping_status":"","sticky":false,"template":"","format":"standard","meta":{"footnotes":""},"categories":[3],"tags":[],"class_list":["post-6043","post","type-post","status-publish","format-standard","has-post-thumbnail","hentry","category-noticias"],"_links":{"self":[{"href":"https:\/\/hostnetart.com.br\/baixada\/wp-json\/wp\/v2\/posts\/6043","targetHints":{"allow":["GET"]}}],"collection":[{"href":"https:\/\/hostnetart.com.br\/baixada\/wp-json\/wp\/v2\/posts"}],"about":[{"href":"https:\/\/hostnetart.com.br\/baixada\/wp-json\/wp\/v2\/types\/post"}],"author":[{"embeddable":true,"href":"https:\/\/hostnetart.com.br\/baixada\/wp-json\/wp\/v2\/users\/2"}],"replies":[{"embeddable":true,"href":"https:\/\/hostnetart.com.br\/baixada\/wp-json\/wp\/v2\/comments?post=6043"}],"version-history":[{"count":0,"href":"https:\/\/hostnetart.com.br\/baixada\/wp-json\/wp\/v2\/posts\/6043\/revisions"}],"wp:featuredmedia":[{"embeddable":true,"href":"https:\/\/hostnetart.com.br\/baixada\/wp-json\/wp\/v2\/media\/6042"}],"wp:attachment":[{"href":"https:\/\/hostnetart.com.br\/baixada\/wp-json\/wp\/v2\/media?parent=6043"}],"wp:term":[{"taxonomy":"category","embeddable":true,"href":"https:\/\/hostnetart.com.br\/baixada\/wp-json\/wp\/v2\/categories?post=6043"},{"taxonomy":"post_tag","embeddable":true,"href":"https:\/\/hostnetart.com.br\/baixada\/wp-json\/wp\/v2\/tags?post=6043"}],"curies":[{"name":"wp","href":"https:\/\/api.w.org\/{rel}","templated":true}]}}