{"id":6037,"date":"2019-02-06T02:20:22","date_gmt":"2019-02-06T04:20:22","guid":{"rendered":"https:\/\/hostnetart.com.br\/baixada\/itau-pagara-plr-dia-1-de-marco\/"},"modified":"2019-02-06T02:20:22","modified_gmt":"2019-02-06T04:20:22","slug":"itau-pagara-plr-dia-1-de-marco","status":"publish","type":"post","link":"https:\/\/hostnetart.com.br\/baixada\/itau-pagara-plr-dia-1-de-marco\/","title":{"rendered":"Ita\u00fa pagar\u00e1 PLR dia 1\u00ba de mar\u00e7o"},"content":{"rendered":"<div class=\"content\">\n<div class=\"content\">O Banco Ita\u00fa comunicou \u00e0 Confedera\u00e7\u00e3o Nacional dos Trabalhadores do Ramo Financeiro (Contraf-CUT) que n\u00e3o antecipar\u00e1 o pagamento da segunda parcela da Participa\u00e7\u00e3o nos Lucros ou Resultados (PLR) e cr\u00e9dito ser\u00e1 efetuado no dia 1 de mar\u00e7o.\u00a0PLR \u00e9 conquista da categoria durante a Campanha Nacional de 2018.<\/p>\n<\/div>\n<p id=\"page-author\">Fonte: Contraf-CUT<\/p>\n<\/div>\n","protected":false},"excerpt":{"rendered":"<p>O Banco Ita\u00fa comunicou \u00e0 Confedera\u00e7\u00e3o Nacional dos Trabalhadores do Ramo Financeiro (Contraf-CUT) que n\u00e3o antecipar\u00e1 o pagamento da segunda parcela da Participa\u00e7\u00e3o nos Lucros ou Resultados (PLR) e cr\u00e9dito ser\u00e1 efetuado no dia 1 de mar\u00e7o.\u00a0PLR \u00e9 conquista da categoria durante a Campanha Nacional de 2018. Fonte: Contraf-CUT<\/p>\n","protected":false},"author":2,"featured_media":6036,"comment_status":"","ping_status":"","sticky":false,"template":"","format":"standard","meta":{"footnotes":""},"categories":[3],"tags":[],"class_list":["post-6037","post","type-post","status-publish","format-standard","has-post-thumbnail","hentry","category-noticias"],"_links":{"self":[{"href":"https:\/\/hostnetart.com.br\/baixada\/wp-json\/wp\/v2\/posts\/6037","targetHints":{"allow":["GET"]}}],"collection":[{"href":"https:\/\/hostnetart.com.br\/baixada\/wp-json\/wp\/v2\/posts"}],"about":[{"href":"https:\/\/hostnetart.com.br\/baixada\/wp-json\/wp\/v2\/types\/post"}],"author":[{"embeddable":true,"href":"https:\/\/hostnetart.com.br\/baixada\/wp-json\/wp\/v2\/users\/2"}],"replies":[{"embeddable":true,"href":"https:\/\/hostnetart.com.br\/baixada\/wp-json\/wp\/v2\/comments?post=6037"}],"version-history":[{"count":0,"href":"https:\/\/hostnetart.com.br\/baixada\/wp-json\/wp\/v2\/posts\/6037\/revisions"}],"wp:featuredmedia":[{"embeddable":true,"href":"https:\/\/hostnetart.com.br\/baixada\/wp-json\/wp\/v2\/media\/6036"}],"wp:attachment":[{"href":"https:\/\/hostnetart.com.br\/baixada\/wp-json\/wp\/v2\/media?parent=6037"}],"wp:term":[{"taxonomy":"category","embeddable":true,"href":"https:\/\/hostnetart.com.br\/baixada\/wp-json\/wp\/v2\/categories?post=6037"},{"taxonomy":"post_tag","embeddable":true,"href":"https:\/\/hostnetart.com.br\/baixada\/wp-json\/wp\/v2\/tags?post=6037"}],"curies":[{"name":"wp","href":"https:\/\/api.w.org\/{rel}","templated":true}]}}