{"id":6035,"date":"2019-01-31T04:28:25","date_gmt":"2019-01-31T06:28:25","guid":{"rendered":"https:\/\/hostnetart.com.br\/baixada\/privatizacao-da-eletrobras-pode-aumentar-riscos-de-acidentes-com-represas\/"},"modified":"2019-01-31T04:28:25","modified_gmt":"2019-01-31T06:28:25","slug":"privatizacao-da-eletrobras-pode-aumentar-riscos-de-acidentes-com-represas","status":"publish","type":"post","link":"https:\/\/hostnetart.com.br\/baixada\/privatizacao-da-eletrobras-pode-aumentar-riscos-de-acidentes-com-represas\/","title":{"rendered":"Privatiza\u00e7\u00e3o da Eletrobras pode aumentar riscos de acidentes com represas"},"content":{"rendered":"<p class=\" \">A <a class=\"internal-link\" title=\"\" href=\"https:\/\/www.redebrasilatual.com.br\/economia\/2019\/01\/privatizacao-da-eletrobras-prejudica-o-brasil-na-competicao-internacional\" target=\"_blank\" rel=\"noopener noreferrer\">privatiza\u00e7\u00e3o da Eletrobras <\/a>poder\u00e1 aumentar os riscos de acidentes com represas, de acordo com o Sindicato dos Urbanit\u00e1rios no Distrito Federal (Stiu-DF). Reportagem do <i>Seu Jornal<\/i>, da <b>TVT, <\/b>mostra<b>\u00a0<\/b>que, segundo a entidade, a <a class=\"internal-link\" title=\"\" href=\"https:\/\/www.redebrasilatual.com.br\/ambiente\/2019\/01\/processo-de-licenciamento-da-barragem-de-brumadinho-teve-ativistas-ignorados\" target=\"_blank\" rel=\"noopener noreferrer\">fiscaliza\u00e7\u00e3o e a manuten\u00e7\u00e3o<\/a> das barragens e diques espalhados pelos Brasil, nem sempre s\u00e3o levadas a s\u00e9rio por empresas privadas ou terceirizadas, submetidas \u00e0 l\u00f3gica da maximiza\u00e7\u00e3o de seus lucros, a exemplo do ocorrido com a Vale, <a class=\"internal-link\" title=\"\" href=\"https:\/\/www.redebrasilatual.com.br\/politica\/2019\/01\/onda-fake-news-redes-sociais-tragedia-brumadinho\" target=\"_blank\" rel=\"noopener noreferrer\">privatizada em 1997<\/a> durante a gest\u00e3o de Fernando Henrique Cardoso (PSDB).\u00a0\u00a0<\/p>\n<p class=\" \">&#8220;Nas empresas privadas, infelizmente, o que a gente v\u00ea \u00e9 uma press\u00e3o muito grande. Muitas vezes o profissional, o respons\u00e1vel t\u00e9cnico tem duas op\u00e7\u00f5es: ou aprova o que a chefia manda ou \u00e9 demitido, at\u00e9 que a chefia ache algu\u00e9m que aprove&#8221;, explica um dos diretores do Stiu-DF Ikaro Chaves ao rep\u00f3rter U\u00e9lson Kalinovski, sobre a falta de seguran\u00e7a ao trabalhador.<\/p>\n<p class=\" \">De acordo com reportagem da <a class=\"external-link\" title=\"\" href=\"https:\/\/www1.folha.uol.com.br\/mercado\/2019\/01\/privatizacao-da-eletrobras-e-uma-necessidade-diz-presidente-da-estatal.shtml\" target=\"_blank\" rel=\"noopener noreferrer\">Folha de S. Paulo<\/a> desta ter\u00e7a-feira (29), o <a class=\"internal-link\" title=\"\" href=\"https:\/\/www.redebrasilatual.com.br\/politica\/2019\/01\/com-tres-dias-de-governo-bolsonaro-ja-mostra-a-que-veio\" target=\"_blank\" rel=\"noopener noreferrer\">novo governo<\/a>\u00a0est\u00e1 encaminhando\u00a0a venda da Eletrobras, que j\u00e1 deve ser capitalizada para se manter &#8220;competitiva no mercado&#8221;, segundo afirma\u00e7\u00e3o do presidente da empresa, Wilson Ferreira Junior.<\/p>\n<p class=\" \">&#8220;A gente espera que esse lament\u00e1vel incidente e crime que aconteceu em Minas Gerais sirva para alertar a popula\u00e7\u00e3o dos riscos envolvidos&#8221;, adverte o diretor do Stiu-DF.<\/p>\n<p class=\" \">\u00a0<\/p>\n<p class=\" \"><strong>Fonte: Rede Brasil Atual<\/strong><\/p>\n","protected":false},"excerpt":{"rendered":"<p>A privatiza\u00e7\u00e3o da Eletrobras poder\u00e1 aumentar os riscos de acidentes com represas, de acordo com o Sindicato dos Urbanit\u00e1rios no Distrito Federal (Stiu-DF). Reportagem do Seu Jornal, da TVT, mostra\u00a0que, segundo a entidade, a fiscaliza\u00e7\u00e3o e a manuten\u00e7\u00e3o das barragens e diques espalhados pelos Brasil, nem sempre s\u00e3o levadas a s\u00e9rio por empresas privadas ou [&hellip;]<\/p>\n","protected":false},"author":2,"featured_media":6034,"comment_status":"","ping_status":"","sticky":false,"template":"","format":"standard","meta":{"footnotes":""},"categories":[3],"tags":[],"class_list":["post-6035","post","type-post","status-publish","format-standard","has-post-thumbnail","hentry","category-noticias"],"_links":{"self":[{"href":"https:\/\/hostnetart.com.br\/baixada\/wp-json\/wp\/v2\/posts\/6035","targetHints":{"allow":["GET"]}}],"collection":[{"href":"https:\/\/hostnetart.com.br\/baixada\/wp-json\/wp\/v2\/posts"}],"about":[{"href":"https:\/\/hostnetart.com.br\/baixada\/wp-json\/wp\/v2\/types\/post"}],"author":[{"embeddable":true,"href":"https:\/\/hostnetart.com.br\/baixada\/wp-json\/wp\/v2\/users\/2"}],"replies":[{"embeddable":true,"href":"https:\/\/hostnetart.com.br\/baixada\/wp-json\/wp\/v2\/comments?post=6035"}],"version-history":[{"count":0,"href":"https:\/\/hostnetart.com.br\/baixada\/wp-json\/wp\/v2\/posts\/6035\/revisions"}],"wp:featuredmedia":[{"embeddable":true,"href":"https:\/\/hostnetart.com.br\/baixada\/wp-json\/wp\/v2\/media\/6034"}],"wp:attachment":[{"href":"https:\/\/hostnetart.com.br\/baixada\/wp-json\/wp\/v2\/media?parent=6035"}],"wp:term":[{"taxonomy":"category","embeddable":true,"href":"https:\/\/hostnetart.com.br\/baixada\/wp-json\/wp\/v2\/categories?post=6035"},{"taxonomy":"post_tag","embeddable":true,"href":"https:\/\/hostnetart.com.br\/baixada\/wp-json\/wp\/v2\/tags?post=6035"}],"curies":[{"name":"wp","href":"https:\/\/api.w.org\/{rel}","templated":true}]}}