{"id":6029,"date":"2019-01-30T15:41:54","date_gmt":"2019-01-30T17:41:54","guid":{"rendered":"https:\/\/hostnetart.com.br\/baixada\/acordos-de-ccv-do-banco-do-brasil-estao-suspensos-temporariamente\/"},"modified":"2019-01-30T15:41:54","modified_gmt":"2019-01-30T17:41:54","slug":"acordos-de-ccv-do-banco-do-brasil-estao-suspensos-temporariamente","status":"publish","type":"post","link":"https:\/\/hostnetart.com.br\/baixada\/acordos-de-ccv-do-banco-do-brasil-estao-suspensos-temporariamente\/","title":{"rendered":"Acordos de CCV do Banco do Brasil est\u00e3o suspensos temporariamente"},"content":{"rendered":"<div class=\"content\">\n<p>A Contraf-CUT orienta a todos os sindicatos que suspendam temporariamente as sess\u00f5es da Comiss\u00e3o de Concilia\u00e7\u00e3o Volunt\u00e1ria (CCV) do Banco do Brasil.<\/p>\n<p>O banco alterou os termos de quita\u00e7\u00e3o, apresentando per\u00edodo prescricional maior que 5 (cinco) anos, n\u00e3o previsto no acordo. A mudan\u00e7a prejudica os banc\u00e1rios que optem por fazer o acordo extrajudicial.<\/p>\n<p>A Contraf-CUT comunicou a suspens\u00e3o ao BB e solicitou reuni\u00e3o para tratar do assunto.<\/p>\n<p>Para Wagner Nascimento, coordenador da Comiss\u00e3o de Empresa dos Funcion\u00e1rios do BB, a decis\u00e3o do banco em querer mudar os termos de quita\u00e7\u00e3o acende um alerta sobre os acordos, j\u00e1 que foi sem nenhum comunicado, al\u00e9m de n\u00e3o concordarmos com essa medida. \u201cEsperamos o restabelecimento da normalidade para voltarmos com as sess\u00f5es de CCV em todo o Brasil.\u201d<\/p>\n<\/div>\n<p id=\"page-author\"><strong>Fonte: Contraf-CUT<\/strong><\/p>\n","protected":false},"excerpt":{"rendered":"<p>A Contraf-CUT orienta a todos os sindicatos que suspendam temporariamente as sess\u00f5es da Comiss\u00e3o de Concilia\u00e7\u00e3o Volunt\u00e1ria (CCV) do Banco do Brasil. O banco alterou os termos de quita\u00e7\u00e3o, apresentando per\u00edodo prescricional maior que 5 (cinco) anos, n\u00e3o previsto no acordo. A mudan\u00e7a prejudica os banc\u00e1rios que optem por fazer o acordo extrajudicial. A Contraf-CUT [&hellip;]<\/p>\n","protected":false},"author":2,"featured_media":6028,"comment_status":"","ping_status":"","sticky":false,"template":"","format":"standard","meta":{"footnotes":""},"categories":[3],"tags":[],"class_list":["post-6029","post","type-post","status-publish","format-standard","has-post-thumbnail","hentry","category-noticias"],"_links":{"self":[{"href":"https:\/\/hostnetart.com.br\/baixada\/wp-json\/wp\/v2\/posts\/6029","targetHints":{"allow":["GET"]}}],"collection":[{"href":"https:\/\/hostnetart.com.br\/baixada\/wp-json\/wp\/v2\/posts"}],"about":[{"href":"https:\/\/hostnetart.com.br\/baixada\/wp-json\/wp\/v2\/types\/post"}],"author":[{"embeddable":true,"href":"https:\/\/hostnetart.com.br\/baixada\/wp-json\/wp\/v2\/users\/2"}],"replies":[{"embeddable":true,"href":"https:\/\/hostnetart.com.br\/baixada\/wp-json\/wp\/v2\/comments?post=6029"}],"version-history":[{"count":0,"href":"https:\/\/hostnetart.com.br\/baixada\/wp-json\/wp\/v2\/posts\/6029\/revisions"}],"wp:featuredmedia":[{"embeddable":true,"href":"https:\/\/hostnetart.com.br\/baixada\/wp-json\/wp\/v2\/media\/6028"}],"wp:attachment":[{"href":"https:\/\/hostnetart.com.br\/baixada\/wp-json\/wp\/v2\/media?parent=6029"}],"wp:term":[{"taxonomy":"category","embeddable":true,"href":"https:\/\/hostnetart.com.br\/baixada\/wp-json\/wp\/v2\/categories?post=6029"},{"taxonomy":"post_tag","embeddable":true,"href":"https:\/\/hostnetart.com.br\/baixada\/wp-json\/wp\/v2\/tags?post=6029"}],"curies":[{"name":"wp","href":"https:\/\/api.w.org\/{rel}","templated":true}]}}