{"id":6025,"date":"2019-01-30T15:40:19","date_gmt":"2019-01-30T17:40:19","guid":{"rendered":"https:\/\/hostnetart.com.br\/baixada\/vazamento-em-brumadinho-deve-atingir-a-bacia-do-rio-sao-francisco-em-duas-semanas\/"},"modified":"2019-01-30T15:40:19","modified_gmt":"2019-01-30T17:40:19","slug":"vazamento-em-brumadinho-deve-atingir-a-bacia-do-rio-sao-francisco-em-duas-semanas","status":"publish","type":"post","link":"https:\/\/hostnetart.com.br\/baixada\/vazamento-em-brumadinho-deve-atingir-a-bacia-do-rio-sao-francisco-em-duas-semanas\/","title":{"rendered":"Vazamento em Brumadinho deve atingir a bacia do rio S\u00e3o Francisco em duas semanas"},"content":{"rendered":"<div class=\"content\">\n<p>A lama t\u00f3xica que vazou da\u00a0barragem de rejeitos da extra\u00e7\u00e3o de min\u00e9rio de ferro, em Brumadinho (MG),\u00a0chegar\u00e1 \u00e0\u00a0regi\u00e3o de Tr\u00eas Marias, onde se encontrar\u00e1 com a\u00a0bacia do rio S\u00e3o Francisco,\u00a0por volta do dia 15 de fevereiro. Essa \u00e9 a previs\u00e3o do\u00a0<a href=\"http:\/\/www.cprm.gov.br\/sace\/boletins\/Paraopeba\/20190128_11-20190129%20-%20092455.pdf\" target=\"_blank\" rel=\"noopener noreferrer\">Servi\u00e7o Geol\u00f3gico Brasileiro\u00a0(CPRM)<\/a>, segundo o qual os rejeitos da extra\u00e7\u00e3o de min\u00e9rio de ferro da mineradora Vale ter\u00e3o percorrido\u00a0cerca de<a href=\"http:\/\/www.cprm.gov.br\/sace\/boletins\/Paraopeba\/20190128_11-20190129%20-%20092455.pdf\" target=\"_blank\" rel=\"noopener noreferrer\">\u00a0300 km pela bacia do rio Paraopeba<\/a>\u00a0em duas semanas.<\/p>\n<p>A bacia da rio S\u00e3o Francisco abrange\u00a0505 munic\u00edpios de\u00a0seis estados,\u00a0<a href=\"http:\/\/file\/\/\/C:\/Users\/Juca\/Downloads\/Relatorio%20de%20Apresentacao_2017.07.pdf\" target=\"_blank\" rel=\"noopener noreferrer\">onde vivem 18 milh\u00f5es de brasileiros<\/a>, de acordo com a Companhia de Desenvolvimento dos Vales do S\u00e3o Francisco e do Parna\u00edba (<a href=\"http:\/\/file\/\/\/C:\/Users\/Juca\/Downloads\/Relatorio%20de%20Apresentacao_2017.07.pdf\" target=\"_blank\" rel=\"noopener noreferrer\">Codevasf<\/a>).<\/p>\n<p>Do ponto de vista econ\u00f4mico, o rio conhecido como &#8220;Velho Chico&#8221; contribui para gera\u00e7\u00e3o de energia hidrel\u00e9trica e para a fruticultura irrigada \u2013\u00a0principalmente no polo Juazeiro\u2013Petrolina, entre Bahia e Pernambuco, onde se localiza a maior produ\u00e7\u00e3o nacional\u00a0de manga e uva para exporta\u00e7\u00e3o.<\/p>\n<p><strong>Contexto<\/strong><\/p>\n<p>A qualidade da\u00a0\u00e1gua\u00a0do S\u00e3o Francisco, que \u00e9 naveg\u00e1vel\u00a0e poderia matar\u00a0a sede de milhares de nordestinos nos pr\u00f3ximos anos, est\u00e1\u00a0amea\u00e7ada pelo rompimento da barragem da Mina do Feij\u00e3o.<\/p>\n<p>O vazamento no empreendimento da Vale\u00a0<a href=\"https:\/\/www.brasildefato.com.br\/2019\/01\/29\/movimentos-formam-rede-de-apoio-a-vitimas-do-crime-de-brumadinho-veja-como-ajudar\/\">aconteceu no dia 25 de janeiro<\/a>, e os rejeitos t\u00f3xicos atingiram os munic\u00edpios mineiros de Juatuba, S\u00e3o Jos\u00e9 da Varginha e Brumadinho.<\/p>\n<p>&#8220;O Brasil n\u00e3o pode aceitar que desastres como esse aconte\u00e7am com tanta frequ\u00eancia. Os danos humanos e socioambientais s\u00e3o irrepar\u00e1veis e apontam para uma urg\u00eancia evidente de que \u00e9 preciso repensar os modelos de desenvolvimento que desconsideram o respeito \u00e0 natureza, os par\u00e2metros de sustentabilidade. O momento \u00e9 de solidariedade \u00e0s fam\u00edlias das v\u00edtimas e aos atingidos pelo rompimento da barragem, mas n\u00e3o podemos deixar de falar que a gest\u00e3o dos recursos h\u00eddricos no Brasil est\u00e1 sucateada\u201d, lamenta\u00a0Anivaldo Miranda, presidente do Comit\u00ea da Bacia Hidrogr\u00e1fica do rio S\u00e3o Francisco (CBHSF).\u00a0<\/p>\n<p>Ao todo, a bacia tem uma extens\u00e3o de quase 640 mil quil\u00f4metros quadrados,\u00a0entre\u00a0Minas Gerais, Goi\u00e1s, Bahia, Pernambuco, Alagoas e Sergipe.<\/p>\n<p>Al\u00e9m da import\u00e2ncia na economia, por conta da produ\u00e7\u00e3o agr\u00edcola e de energia, a bacia do rio S\u00e3o Francisco, com\u00a0170 afluentes,\u00a0garante\u00a0a sobreviv\u00eancia da fauna e flora da regi\u00e3o, que compreende\u00a0tr\u00eas biomas \u2013\u00a0Mata Atl\u00e2ntica, cerrado e caatinga.<\/p>\n<p><strong>Alerta<\/strong><\/p>\n<p>&#8220;A trag\u00e9dia de Mariana foi em 2015. Em fevereiro de 2018, houve um grande vazamento de rejeitos de bauxita em Barcarena, no Par\u00e1, e agora em Brumadinho. O CBHSF tem se empenhado na discuss\u00e3o sobre as quest\u00f5es da minera\u00e7\u00e3o e, no ano passado, se reuniu com representantes de outros comit\u00eas de bacias hidrogr\u00e1ficas\u00a0de todo o pa\u00eds para discutir o impacto de grandes trag\u00e9dias ambientais nos recursos h\u00eddricos. Acredito que s\u00f3 vamos avan\u00e7ar quando envolvermos a popula\u00e7\u00e3o e os poderes p\u00fablicos em todas as esferas na discuss\u00e3o desse problema\u201d, acrescenta Miranda.<\/p>\n<p>A massa de rejeitos t\u00f3xicos avan\u00e7a pelo rio Paraopeba, em Minas Gerais, com uma velocidade m\u00e9dia de 1 km\/h. Segundo o presidente do Comit\u00ea, as dimens\u00f5es do impacto na bacia do rio S\u00e3o Francisco v\u00e3o depender das chuvas.\u00a0No entanto,\u00a0&#8220;<a href=\"http:\/\/www.cprm.gov.br\/sace\/boletins\/Paraopeba\/20190129_18-20190129%20-%20181527.pdf\" target=\"_blank\" rel=\"noopener noreferrer\">a morte do Rio Paraopeba<\/a>\u00a0\u00e9 um acidente de propor\u00e7\u00f5es planet\u00e1rias&#8221;.<\/p>\n<p>T\u00e9cnicos da Ag\u00eancia Nacional das \u00c1guas (ANA) estiveram nesta ter\u00e7a-feira em Juatuba para\u00a0acompanhar\u00a0o percurso da lama. A Vale informou que tentar\u00e1 conter o avan\u00e7o dos\u00a0rejeitos para\u00a0impedir que a capta\u00e7\u00e3o de \u00e1gua em Par\u00e1 de Minas, localizada a 85 km da capital mineira, seja prejudica. Ao mesmo tempo, a empresa tenta propor solu\u00e7\u00f5es emergenciais para evitar que os danos se espalhem para al\u00e9m de Minas Gerais nos pr\u00f3ximos dias.<\/p>\n<\/div>\n<p id=\"page-author\"><span style=\"text-decoration: underline;\"><strong>Fonte: Brasil De Fato<\/strong><\/span><\/p>\n","protected":false},"excerpt":{"rendered":"<p>A lama t\u00f3xica que vazou da\u00a0barragem de rejeitos da extra\u00e7\u00e3o de min\u00e9rio de ferro, em Brumadinho (MG),\u00a0chegar\u00e1 \u00e0\u00a0regi\u00e3o de Tr\u00eas Marias, onde se encontrar\u00e1 com a\u00a0bacia do rio S\u00e3o Francisco,\u00a0por volta do dia 15 de fevereiro. Essa \u00e9 a previs\u00e3o do\u00a0Servi\u00e7o Geol\u00f3gico Brasileiro\u00a0(CPRM), segundo o qual os rejeitos da extra\u00e7\u00e3o de min\u00e9rio de ferro da [&hellip;]<\/p>\n","protected":false},"author":2,"featured_media":6024,"comment_status":"","ping_status":"","sticky":false,"template":"","format":"standard","meta":{"footnotes":""},"categories":[3],"tags":[],"class_list":["post-6025","post","type-post","status-publish","format-standard","has-post-thumbnail","hentry","category-noticias"],"_links":{"self":[{"href":"https:\/\/hostnetart.com.br\/baixada\/wp-json\/wp\/v2\/posts\/6025","targetHints":{"allow":["GET"]}}],"collection":[{"href":"https:\/\/hostnetart.com.br\/baixada\/wp-json\/wp\/v2\/posts"}],"about":[{"href":"https:\/\/hostnetart.com.br\/baixada\/wp-json\/wp\/v2\/types\/post"}],"author":[{"embeddable":true,"href":"https:\/\/hostnetart.com.br\/baixada\/wp-json\/wp\/v2\/users\/2"}],"replies":[{"embeddable":true,"href":"https:\/\/hostnetart.com.br\/baixada\/wp-json\/wp\/v2\/comments?post=6025"}],"version-history":[{"count":0,"href":"https:\/\/hostnetart.com.br\/baixada\/wp-json\/wp\/v2\/posts\/6025\/revisions"}],"wp:featuredmedia":[{"embeddable":true,"href":"https:\/\/hostnetart.com.br\/baixada\/wp-json\/wp\/v2\/media\/6024"}],"wp:attachment":[{"href":"https:\/\/hostnetart.com.br\/baixada\/wp-json\/wp\/v2\/media?parent=6025"}],"wp:term":[{"taxonomy":"category","embeddable":true,"href":"https:\/\/hostnetart.com.br\/baixada\/wp-json\/wp\/v2\/categories?post=6025"},{"taxonomy":"post_tag","embeddable":true,"href":"https:\/\/hostnetart.com.br\/baixada\/wp-json\/wp\/v2\/tags?post=6025"}],"curies":[{"name":"wp","href":"https:\/\/api.w.org\/{rel}","templated":true}]}}