{"id":6015,"date":"2019-01-29T16:22:54","date_gmt":"2019-01-29T18:22:54","guid":{"rendered":"https:\/\/hostnetart.com.br\/baixada\/o-alto-preco-da-privatizacao-da-vale-para-o-brasil-e-para-os-brasileiros\/"},"modified":"2019-01-29T16:22:54","modified_gmt":"2019-01-29T18:22:54","slug":"o-alto-preco-da-privatizacao-da-vale-para-o-brasil-e-para-os-brasileiros","status":"publish","type":"post","link":"https:\/\/hostnetart.com.br\/baixada\/o-alto-preco-da-privatizacao-da-vale-para-o-brasil-e-para-os-brasileiros\/","title":{"rendered":"O alto pre\u00e7o da privatiza\u00e7\u00e3o da Vale para o Brasil e para os brasileiros"},"content":{"rendered":"<div class=\"content\">\n<p>Desde o in\u00edcio, a privatiza\u00e7\u00e3o da Vale foi prejudicial aos cofres p\u00fablicos e ao pa\u00eds. A empresa foi vendida, em 1997 pelo governo de Fernando Henrique Cardoso (PSDB) por R$ 3,3 bilh\u00f5es. Valia R$ 100 bilh\u00f5es.<\/p>\n<p>Al\u00e9m da perda financeira, a privatiza\u00e7\u00e3o destroi o meio ambiente e \u00e9 prejudicial para a classe a trabalhadora e as comunidades que vivem no entorno de barragens como as de Mariana, que rompeu em 2015 e matou 19 pessoas, e a de Brumadinho, que rompeu na sexta-feira (25) e vem deixando um rastro de destrui\u00e7\u00e3o de mortes.<\/p>\n<p>Para o engenheiro civil Felipe Ferreira Ara\u00fajo, diretor da Associa\u00e7\u00e3o dos Empregados de Furnas (ASEF), uma empresa privada que s\u00f3 visa o lucro atuando no setor de minera\u00e7\u00e3o s\u00f3 funcionaria se o pa\u00eds tivesse uma fiscaliza\u00e7\u00e3o de fato, o que n\u00e3o \u00e9 o caso do Brasil.<\/p>\n<blockquote><p>A Vale enxerga a manuten\u00e7\u00e3o de uma barragem como custo, redu\u00e7\u00e3o de lucro. Uma estatal enxerga como responsabilidade social<\/p>\n<p>&#8211; Felipe Ara\u00fajo<\/p>\n<\/blockquote>\n<p>Segundo o engenheiro, no caso da Eletrobras, \u00e9 o fato de a empresa ser estatal que garante a seguran\u00e7a das barragens. Ele explica que o sistema tem quadro pr\u00f3prio que faz an\u00e1lise de ruptura \u2013 uma de suas obriga\u00e7\u00f5es legais \u2013 bem como plano de seguran\u00e7a, de a\u00e7\u00e3o emergencial, de dar alertas, o que n\u00e3o foi feito pela Vale em Brumadinho.<\/p>\n<p>Felipe Ara\u00fajo, que tamb\u00e9m \u00e9 representante de base do Sindicato dos Engenheiros do Rio de Janeiro (SENGE-RJ), alerta ainda para o perigo que representam a diminui\u00e7\u00e3o da fiscaliza\u00e7\u00e3o e a concess\u00e3o de novas autoriza\u00e7\u00f5es para explora\u00e7\u00e3o de min\u00e9rios sem estudos profundos de impactos ambientais.<\/p>\n<p>\u201cJair Bolsonaro e seu ministro do Meio Ambiente, Ricardo Salles, querem afrouxar a fiscaliza\u00e7\u00e3o. Imagine, por exemplo, privatizar a Eletrobras que tem 233 barragens e, ainda maiores\u201d.<\/p>\n<p>\u201cO dano que um acidente provocaria seria imensur\u00e1vel pelo volume de \u00e1gua que atingiria uma cidade. Al\u00e9m disso, a \u00e1gua de uma barragem el\u00e9trica tem sedimento no fundo que vira lama, com grande potencial de destrui\u00e7\u00e3o\u201d, afirma o engenheiro de Furnas.<\/p>\n<p>O secret\u00e1rio do Meio Ambiente da CUT, Daniel Gaio, concorda com a avalia\u00e7\u00e3o de Felipe de que a privatiza\u00e7\u00e3o \u00e9 prejudicial ao pa\u00eds e, no caso da Vale, \u00e9 a grande respons\u00e1vel pela destrui\u00e7\u00e3o em Brumadinho e Mariana. \u00a0<\/p>\n<p>\u00a0Saiba Mais<\/p>\n<ul>\n<li><a href=\"https:\/\/www.cut.org.br\/noticias\/aumentou-para-60-o-numero-de-vitimas-fatais-da-vale-fbc1\" target=\"_blank\" rel=\"noopener noreferrer\">Aumentou para 60 o n\u00famero de v\u00edtimas fatais da Vale, em Brumadinho<\/a><\/li>\n<li><a href=\"https:\/\/www.cut.org.br\/noticias\/crime-ambiental-denuncia-o-fracasso-das-privatizacoes-defende-deputada-89f7\" target=\"_blank\" rel=\"noopener noreferrer\">Crime ambiental denuncia o fracasso das privatiza\u00e7\u00f5es, defende deputada<\/a><\/li>\n<li><a href=\"https:\/\/www.cut.org.br\/noticias\/mpt-tragedia-e-a-mais-grave-violacao-as-normas-de-seguranca-do-trabalho-2cfe\" target=\"_blank\" rel=\"noopener noreferrer\">MPT: trag\u00e9dia \u00e9 a mais grave viola\u00e7\u00e3o \u00e0s normas de seguran\u00e7a do trabalho<\/a><\/li>\n<\/ul>\n<p>Ele ressalta que a terceiriza\u00e7\u00e3o de trabalhadores, pr\u00e1tica recorrente na iniciativa privada para aumentar os lucros e tirar direitos da classe trabalhadora, faz com que a empresa n\u00e3o tenha controle sobre o que ocorre em suas instala\u00e7\u00f5es.<\/p>\n<p>\u201cA Vale n\u00e3o consegue dizer nem o n\u00famero exato de desaparecidos por conta do n\u00famero de trabalhadores terceirizados, quanto mais ter controle na preven\u00e7\u00e3o de acidentes\u201d.<\/p>\n<p>O dirigente alerta ainda para o alto n\u00famero de barragens de minera\u00e7\u00e3o que se romperam no pa\u00eds. \u201cSob o ponto de vista ambiental j\u00e1 alert\u00e1vamos, antes do rompimento da barragem de Mariana, que n\u00e3o se trata de apenas uma barragem, estamos falando de dezenas de barragens que se rompem por ano\u201d.<\/p>\n<p>Segundo Daniel Gaio, ao longo dos \u00faltimos anos, 63 barragens de dimens\u00f5es bem menores romperam e isso n\u00e3o chegou ao conhecimento da popula\u00e7\u00e3o.<\/p>\n<p><strong>L\u00f3gica do capital privado \u00e9 dividir o risco para garantir lucro de acionistas<\/strong><\/p>\n<p>O engenheiro de Furnas, Felipe Ara\u00fajo, questiona ainda o fato da Vale apresentar como defesa o laudo de uma empresa alem\u00e3 que atestou a seguran\u00e7a da barragem que rompeu. Para ele, essa \u00e9 a l\u00f3gica do capital privado, o de dividir o risco, a responsabilidade, para reduzir o risco do acionista, trazendo grande preju\u00edzo \u00e0 sociedade.<\/p>\n<p>\u201cQuando a empresa terceiriza a responsabilidade da seguran\u00e7a, passa a n\u00e3o ter controle de algo que \u00e9 absolutamente estrat\u00e9gico. Por mais que as ag\u00eancias reguladoras tenham responsabilidade na fiscaliza\u00e7\u00e3o, elas n\u00e3o podem fiscalizar a todo instante. A empresa tem de ter responsabilidade em suas a\u00e7\u00f5es\u201d.<\/p>\n<p>Para o dirigente da ASEF, a Vale deve voltar ao controle estatal sob pena de acontecerem novos acidentes. \u00a0<\/p>\n<p>\u201cQue a Vale \u00e9 estrat\u00e9gica para a economia ningu\u00e9m discorda, mas ela \u00e9 estrat\u00e9gica para a seguran\u00e7a das pessoas porque ela tem potencial de destruir cidades, destruir vidas\u201d.<\/p>\n<p>Diante desse descontrole na fiscaliza\u00e7\u00e3o das empresas mineradoras, a CUT, segundo Daniel Gaio, est\u00e1 envolvida na luta contra os projetos do c\u00f3digo de minera\u00e7\u00e3o e renova\u00e7\u00e3o que est\u00e3o sendo apresentados no Congresso.<\/p>\n<p>\u201cNossa principal agenda \u00e9 junto com os movimentos sociais, rever o retrocesso ainda maior que a flexibiliza\u00e7\u00e3o do c\u00f3digo de minera\u00e7\u00e3o, pode trazer, organizando a\u00e7\u00f5es e pol\u00edticas e denunciando \u00e0 sociedade os danos que esse novo c\u00f3digo pode causar\u201d, dia Daniel Gaio.<\/p>\n<p><strong>Veja como foi a privatiza\u00e7\u00e3o da Vale<\/strong><\/p>\n<p>Al\u00e9m de entregar a empresa para o capital privado por um valor irris\u00f3rio, o governo FHC aceitou como forma de pagamento para transferir o controle acion\u00e1rio da estatal para empres\u00e1rios \u201ct\u00edtulos podres\u201d, que nenhum pa\u00eds do mundo aceitava.<\/p>\n<p>Na \u00e9poca, para convencer os deputados e senadores a aprovarem a venda da estatal, o presidente do BNDES, Luiz Carlos Mendon\u00e7a de Barros, disse que o governo teria a\u00e7\u00f5es \u201cgolden share\u201d \u2013 inventadas pelo governo, que\u00a0 dariam o direito de veto ao governo em decis\u00f5es da empresa. Mas as tais a\u00e7\u00f5es n\u00e3o passaram de uma arapuca na qual os congressistas contr\u00e1rios \u00e0 venda, ca\u00edram.<\/p>\n<p>Anos depois, num programa de entrevistas na TV, Mendon\u00e7a de Barros admitiu a arapuca armada no Congresso.<\/p>\n<p>Felipe Ara\u00fajo conta que o governo FHC foi um dos que aderiu \u00e0 onda privatizante da d\u00e9cada de 1990, que teve in\u00edcio com a ex-primeira ministra da Inglaterra, Margareth Thatcher, que privatizou os transportes, a \u00e1gua, g\u00e1s e energia. Hoje, os ingleses pedem a reestatiza\u00e7\u00e3o porque a experi\u00eancia falhou em todos os sentidos. Os servi\u00e7os n\u00e3o est\u00e3o sendo prestados com qualidade e as tarifas est\u00e3o caras.<\/p>\n<p>\u201cPrivatizar a Vale foi um erro e Bolsonaro repetir\u00e1 o erro se privatizar tudo, como seu governo quer\u201d.<\/p>\n<p>\u201cPrecisamos combater essa ideologia de privatiza\u00e7\u00e3o a todo custo porque a gente sabe que n\u00e3o vai dar certo, vai dar problema, pelas experi\u00eancias em outros pa\u00edses do mundo\u201d, diz o engenheiro.<\/p>\n<\/div>\n<p id=\"page-author\"><span style=\"text-decoration: underline;\"><strong>Fonte: CUT<\/strong><\/span><\/p>\n","protected":false},"excerpt":{"rendered":"<p>Desde o in\u00edcio, a privatiza\u00e7\u00e3o da Vale foi prejudicial aos cofres p\u00fablicos e ao pa\u00eds. A empresa foi vendida, em 1997 pelo governo de Fernando Henrique Cardoso (PSDB) por R$ 3,3 bilh\u00f5es. Valia R$ 100 bilh\u00f5es. Al\u00e9m da perda financeira, a privatiza\u00e7\u00e3o destroi o meio ambiente e \u00e9 prejudicial para a classe a trabalhadora e [&hellip;]<\/p>\n","protected":false},"author":2,"featured_media":6014,"comment_status":"","ping_status":"","sticky":false,"template":"","format":"standard","meta":{"footnotes":""},"categories":[3],"tags":[],"class_list":["post-6015","post","type-post","status-publish","format-standard","has-post-thumbnail","hentry","category-noticias"],"_links":{"self":[{"href":"https:\/\/hostnetart.com.br\/baixada\/wp-json\/wp\/v2\/posts\/6015","targetHints":{"allow":["GET"]}}],"collection":[{"href":"https:\/\/hostnetart.com.br\/baixada\/wp-json\/wp\/v2\/posts"}],"about":[{"href":"https:\/\/hostnetart.com.br\/baixada\/wp-json\/wp\/v2\/types\/post"}],"author":[{"embeddable":true,"href":"https:\/\/hostnetart.com.br\/baixada\/wp-json\/wp\/v2\/users\/2"}],"replies":[{"embeddable":true,"href":"https:\/\/hostnetart.com.br\/baixada\/wp-json\/wp\/v2\/comments?post=6015"}],"version-history":[{"count":0,"href":"https:\/\/hostnetart.com.br\/baixada\/wp-json\/wp\/v2\/posts\/6015\/revisions"}],"wp:featuredmedia":[{"embeddable":true,"href":"https:\/\/hostnetart.com.br\/baixada\/wp-json\/wp\/v2\/media\/6014"}],"wp:attachment":[{"href":"https:\/\/hostnetart.com.br\/baixada\/wp-json\/wp\/v2\/media?parent=6015"}],"wp:term":[{"taxonomy":"category","embeddable":true,"href":"https:\/\/hostnetart.com.br\/baixada\/wp-json\/wp\/v2\/categories?post=6015"},{"taxonomy":"post_tag","embeddable":true,"href":"https:\/\/hostnetart.com.br\/baixada\/wp-json\/wp\/v2\/tags?post=6015"}],"curies":[{"name":"wp","href":"https:\/\/api.w.org\/{rel}","templated":true}]}}