{"id":6007,"date":"2019-01-29T13:54:13","date_gmt":"2019-01-29T15:54:13","guid":{"rendered":"https:\/\/hostnetart.com.br\/baixada\/comite-de-relacoes-trabalhistas-se-reune-nesta-terca-29\/"},"modified":"2019-01-29T13:54:13","modified_gmt":"2019-01-29T15:54:13","slug":"comite-de-relacoes-trabalhistas-se-reune-nesta-terca-29","status":"publish","type":"post","link":"https:\/\/hostnetart.com.br\/baixada\/comite-de-relacoes-trabalhistas-se-reune-nesta-terca-29\/","title":{"rendered":"Comit\u00ea de Rela\u00e7\u00f5es Trabalhistas se re\u00fane nesta ter\u00e7a (29)"},"content":{"rendered":"<div class=\"content\">\n<p>O Comit\u00ea de Rela\u00e7\u00f5es Trabalhistas (CRT) se re\u00fane, nesta ter\u00e7a-feira (29), \u00e0s 14h, no escrit\u00f3rio Alencar Rossi, para falar sobre os desdobramentos da \u00faltima reuni\u00e3o, realizada no dia 13 de dezembro de 2018, que abordou os aumentos abusivos nos planos de sa\u00fade; a unifica\u00e7\u00e3o nos cargos da \u00e1rea operacional; o sistema que determina rotas de deslocamento para o local de trabalho; e os novos modelos de ag\u00eancia.\u00a0<\/p>\n<p>O CRT \u00e9 uma conquista dos trabalhadores, definido na cl\u00e1usula 34\u00aa do acordo coletivo do Santander aditivo \u00e0 Conven\u00e7\u00e3o Coletiva do Trabalho (CCT), e \u00e9 formado por representantes dos empregados, membros da COE e representantes do Santander, que se re\u00fanem a cada dois meses.\u00a0<\/p>\n<p>Antes da reuni\u00e3o do Comit\u00ea, os membros da COE se reunir\u00e3o \u00e0s 10h, na sede do Seeb-SP, para discutir os assuntos a serem abordados.<\/p>\n<p>Para Mario Raia, secret\u00e1rio de Assuntos S\u00f3cio Econ\u00f4micos da Contraf e representante na COE Santander, os trabalhadores esperam respostas positivas. \u201cEsperamos respostas positivas do banco para que possamos resolver da melhor forma \u00e0s reivindica\u00e7\u00f5es dos trabalhadores\u201d, disse.<\/p>\n<\/div>\n<p id=\"page-author\"><strong>Fonte: Contraf-CUT<\/strong><\/p>\n","protected":false},"excerpt":{"rendered":"<p>O Comit\u00ea de Rela\u00e7\u00f5es Trabalhistas (CRT) se re\u00fane, nesta ter\u00e7a-feira (29), \u00e0s 14h, no escrit\u00f3rio Alencar Rossi, para falar sobre os desdobramentos da \u00faltima reuni\u00e3o, realizada no dia 13 de dezembro de 2018, que abordou os aumentos abusivos nos planos de sa\u00fade; a unifica\u00e7\u00e3o nos cargos da \u00e1rea operacional; o sistema que determina rotas de [&hellip;]<\/p>\n","protected":false},"author":2,"featured_media":6006,"comment_status":"","ping_status":"","sticky":false,"template":"","format":"standard","meta":{"footnotes":""},"categories":[3],"tags":[],"class_list":["post-6007","post","type-post","status-publish","format-standard","has-post-thumbnail","hentry","category-noticias"],"_links":{"self":[{"href":"https:\/\/hostnetart.com.br\/baixada\/wp-json\/wp\/v2\/posts\/6007","targetHints":{"allow":["GET"]}}],"collection":[{"href":"https:\/\/hostnetart.com.br\/baixada\/wp-json\/wp\/v2\/posts"}],"about":[{"href":"https:\/\/hostnetart.com.br\/baixada\/wp-json\/wp\/v2\/types\/post"}],"author":[{"embeddable":true,"href":"https:\/\/hostnetart.com.br\/baixada\/wp-json\/wp\/v2\/users\/2"}],"replies":[{"embeddable":true,"href":"https:\/\/hostnetart.com.br\/baixada\/wp-json\/wp\/v2\/comments?post=6007"}],"version-history":[{"count":0,"href":"https:\/\/hostnetart.com.br\/baixada\/wp-json\/wp\/v2\/posts\/6007\/revisions"}],"wp:featuredmedia":[{"embeddable":true,"href":"https:\/\/hostnetart.com.br\/baixada\/wp-json\/wp\/v2\/media\/6006"}],"wp:attachment":[{"href":"https:\/\/hostnetart.com.br\/baixada\/wp-json\/wp\/v2\/media?parent=6007"}],"wp:term":[{"taxonomy":"category","embeddable":true,"href":"https:\/\/hostnetart.com.br\/baixada\/wp-json\/wp\/v2\/categories?post=6007"},{"taxonomy":"post_tag","embeddable":true,"href":"https:\/\/hostnetart.com.br\/baixada\/wp-json\/wp\/v2\/tags?post=6007"}],"curies":[{"name":"wp","href":"https:\/\/api.w.org\/{rel}","templated":true}]}}