{"id":5997,"date":"2019-01-28T14:31:10","date_gmt":"2019-01-28T16:31:10","guid":{"rendered":"https:\/\/hostnetart.com.br\/baixada\/mp-rj-condena-bradesco-por-fraude-a-processo-licitatorio\/"},"modified":"2019-01-28T14:31:10","modified_gmt":"2019-01-28T16:31:10","slug":"mp-rj-condena-bradesco-por-fraude-a-processo-licitatorio","status":"publish","type":"post","link":"https:\/\/hostnetart.com.br\/baixada\/mp-rj-condena-bradesco-por-fraude-a-processo-licitatorio\/","title":{"rendered":"MP-RJ condena Bradesco por fraude a processo licitat\u00f3rio"},"content":{"rendered":"<div class=\"content\">\n<p>O Minist\u00e9rio P\u00fablico do Estado do Rio de Janeiro (MPRJ), por meio da 2\u00ba Promotoria de Justi\u00e7a de Tutela Coletiva \u2013 N\u00facleo Angra dos Reis, firmou, no \u00faltimo dia 17\/01, um Termo de Ajustamento de Conduta (TAC) com o Banco Bradesco determinando que a institui\u00e7\u00e3o, acusada em a\u00e7\u00e3o civil p\u00fablica (ACP) ajuizada em 2011 pelo MPRJ, de fraude a processo licitat\u00f3rio, deposite nas contas do er\u00e1rio municipal o valor de R$ 1.615.266,38, em um prazo de 10 dias. Os recursos dever\u00e3o ser utilizados para a implanta\u00e7\u00e3o de um Centro de Refer\u00eancia Especializado para Pessoas em Situa\u00e7\u00e3o de Rua ou para a compra de im\u00f3vel destinado \u00e0 constru\u00e7\u00e3o de um Centro de Refer\u00eancia Especializado de Assist\u00eancia Social.<\/p>\n<p>A ACP n\u00ba 0002307-30.2011.8.19.0003 detalhou a pr\u00e1tica de ato de improbidade administrativa pelo fato de o munic\u00edpio ter celebrado, em 2006, contrato com a institui\u00e7\u00e3o banc\u00e1ria sem que tenha ocorrido processo licitat\u00f3rio, sob a denomina\u00e7\u00e3o de \u201cconv\u00eanio\u201d. O banco foi contratado para processar a folha de pagamento de todos os servidores municipais, ativos e inativos, mediante a abertura de contas correntes.<\/p>\n<p>Prefeito de Angra dos Reis \u00e0 \u00e9poca da celebra\u00e7\u00e3o do contrato e atualmente ocupando o mesmo cargo, Fernando Ant\u00f4nio Ceciliano Jord\u00e3o seguir\u00e1 constando como corr\u00e9u na a\u00e7\u00e3o, que n\u00e3o foi encerrada e objetiva sua condena\u00e7\u00e3o pela pr\u00e1tica de ato de improbidade administrativa. O Munic\u00edpio, no entanto, consta como anuente no TAC, ou seja, como benefici\u00e1rio dos recursos que ser\u00e3o depositados nos cofres p\u00fablicos pela institui\u00e7\u00e3o banc\u00e1ria.<\/p>\n<p>Al\u00e9m do dep\u00f3sito, o banco se comprometeu, atrav\u00e9s do TAC, a pagar multa civil de 4% sobre o valor do dano ao er\u00e1rio, totalizando R$ 64.610,66, conforme artigo 12, inciso III, da Lei n\u00ba 8.249\/98, corrigido, valor que ser\u00e1 recolhido ao Fundo de Defesa de Direitos Difusos \u2013 FDD, na forma do artigo 13 da Lei n\u00ba 7.347\/97.<\/p>\n<\/div>\n<p id=\"page-author\"><strong>Fonte: Seeb Angra dos Reis<\/strong><\/p>\n","protected":false},"excerpt":{"rendered":"<p>O Minist\u00e9rio P\u00fablico do Estado do Rio de Janeiro (MPRJ), por meio da 2\u00ba Promotoria de Justi\u00e7a de Tutela Coletiva \u2013 N\u00facleo Angra dos Reis, firmou, no \u00faltimo dia 17\/01, um Termo de Ajustamento de Conduta (TAC) com o Banco Bradesco determinando que a institui\u00e7\u00e3o, acusada em a\u00e7\u00e3o civil p\u00fablica (ACP) ajuizada em 2011 pelo [&hellip;]<\/p>\n","protected":false},"author":2,"featured_media":5996,"comment_status":"","ping_status":"","sticky":false,"template":"","format":"standard","meta":{"footnotes":""},"categories":[3],"tags":[],"class_list":["post-5997","post","type-post","status-publish","format-standard","has-post-thumbnail","hentry","category-noticias"],"_links":{"self":[{"href":"https:\/\/hostnetart.com.br\/baixada\/wp-json\/wp\/v2\/posts\/5997","targetHints":{"allow":["GET"]}}],"collection":[{"href":"https:\/\/hostnetart.com.br\/baixada\/wp-json\/wp\/v2\/posts"}],"about":[{"href":"https:\/\/hostnetart.com.br\/baixada\/wp-json\/wp\/v2\/types\/post"}],"author":[{"embeddable":true,"href":"https:\/\/hostnetart.com.br\/baixada\/wp-json\/wp\/v2\/users\/2"}],"replies":[{"embeddable":true,"href":"https:\/\/hostnetart.com.br\/baixada\/wp-json\/wp\/v2\/comments?post=5997"}],"version-history":[{"count":0,"href":"https:\/\/hostnetart.com.br\/baixada\/wp-json\/wp\/v2\/posts\/5997\/revisions"}],"wp:featuredmedia":[{"embeddable":true,"href":"https:\/\/hostnetart.com.br\/baixada\/wp-json\/wp\/v2\/media\/5996"}],"wp:attachment":[{"href":"https:\/\/hostnetart.com.br\/baixada\/wp-json\/wp\/v2\/media?parent=5997"}],"wp:term":[{"taxonomy":"category","embeddable":true,"href":"https:\/\/hostnetart.com.br\/baixada\/wp-json\/wp\/v2\/categories?post=5997"},{"taxonomy":"post_tag","embeddable":true,"href":"https:\/\/hostnetart.com.br\/baixada\/wp-json\/wp\/v2\/tags?post=5997"}],"curies":[{"name":"wp","href":"https:\/\/api.w.org\/{rel}","templated":true}]}}