{"id":5995,"date":"2019-01-25T13:07:16","date_gmt":"2019-01-25T15:07:16","guid":{"rendered":"https:\/\/hostnetart.com.br\/baixada\/jean-wylls-decide-nao-assumir-mandato-apos-ameacas-de-morte\/"},"modified":"2019-01-25T13:07:16","modified_gmt":"2019-01-25T15:07:16","slug":"jean-wylls-decide-nao-assumir-mandato-apos-ameacas-de-morte","status":"publish","type":"post","link":"https:\/\/hostnetart.com.br\/baixada\/jean-wylls-decide-nao-assumir-mandato-apos-ameacas-de-morte\/","title":{"rendered":"Jean Wylls decide n\u00e3o assumir mandato ap\u00f3s amea\u00e7as de morte"},"content":{"rendered":"<div class=\"content\">\n<p>Os ataques aos que lutam por direitos e por uma sociedade justa e igualit\u00e1ria n\u00e3o cessam. O avan\u00e7o do conservadorismo e o discurso de \u00f3dio no pa\u00eds fizeram com que, nesta quinta-feira (24), Jean Wyllys (PSOL-RJ) decidisse n\u00e3o assumir este \u00a0mandato como deputado federal, ap\u00f3s receber amea\u00e7as de morte.<\/p>\n<p>Em uma rede social, o deputado publicou na quarta-feira (23): \u201cPreservar a vida amea\u00e7ada \u00e9 tamb\u00e9m uma estrat\u00e9gia da luta por dias melhores. Fizemos muito pelo bem comum. E faremos muito mais quando chegar o novo tempo, n\u00e3o importa que fa\u00e7amos por outros meios! Obrigado a todas e todos voc\u00eas, de todo cora\u00e7\u00e3o. Ax\u00e9!&#8221;<\/p>\n<p>Jean, que \u00e9 homossexual assumido, \u00e9 conhecido por defender as pautas relacionadas a comunidade LGBT+ e as ditas minorias. Para o dirigente da Contraf-CUT, Adilson Barros, a sa\u00edda do arm\u00e1rio, apesar de tudo continua sendo a principal arma para barrar qualquer forma de discrimina\u00e7\u00e3o. \u201cPrecisamos prestar a nossa solidariedade ao deputado e denunciar todo tipo de discrimina\u00e7\u00e3o e amea\u00e7a, que infelizmente atinge a comunidade LGBT+\u201d, finalizou.<\/p>\n<\/div>\n<p id=\"page-author\"><strong>Fonte: Contraf-CUT<\/strong><\/p>\n","protected":false},"excerpt":{"rendered":"<p>Os ataques aos que lutam por direitos e por uma sociedade justa e igualit\u00e1ria n\u00e3o cessam. O avan\u00e7o do conservadorismo e o discurso de \u00f3dio no pa\u00eds fizeram com que, nesta quinta-feira (24), Jean Wyllys (PSOL-RJ) decidisse n\u00e3o assumir este \u00a0mandato como deputado federal, ap\u00f3s receber amea\u00e7as de morte. Em uma rede social, o deputado [&hellip;]<\/p>\n","protected":false},"author":2,"featured_media":5994,"comment_status":"","ping_status":"","sticky":false,"template":"","format":"standard","meta":{"footnotes":""},"categories":[3],"tags":[],"class_list":["post-5995","post","type-post","status-publish","format-standard","has-post-thumbnail","hentry","category-noticias"],"_links":{"self":[{"href":"https:\/\/hostnetart.com.br\/baixada\/wp-json\/wp\/v2\/posts\/5995","targetHints":{"allow":["GET"]}}],"collection":[{"href":"https:\/\/hostnetart.com.br\/baixada\/wp-json\/wp\/v2\/posts"}],"about":[{"href":"https:\/\/hostnetart.com.br\/baixada\/wp-json\/wp\/v2\/types\/post"}],"author":[{"embeddable":true,"href":"https:\/\/hostnetart.com.br\/baixada\/wp-json\/wp\/v2\/users\/2"}],"replies":[{"embeddable":true,"href":"https:\/\/hostnetart.com.br\/baixada\/wp-json\/wp\/v2\/comments?post=5995"}],"version-history":[{"count":0,"href":"https:\/\/hostnetart.com.br\/baixada\/wp-json\/wp\/v2\/posts\/5995\/revisions"}],"wp:featuredmedia":[{"embeddable":true,"href":"https:\/\/hostnetart.com.br\/baixada\/wp-json\/wp\/v2\/media\/5994"}],"wp:attachment":[{"href":"https:\/\/hostnetart.com.br\/baixada\/wp-json\/wp\/v2\/media?parent=5995"}],"wp:term":[{"taxonomy":"category","embeddable":true,"href":"https:\/\/hostnetart.com.br\/baixada\/wp-json\/wp\/v2\/categories?post=5995"},{"taxonomy":"post_tag","embeddable":true,"href":"https:\/\/hostnetart.com.br\/baixada\/wp-json\/wp\/v2\/tags?post=5995"}],"curies":[{"name":"wp","href":"https:\/\/api.w.org\/{rel}","templated":true}]}}