{"id":5991,"date":"2019-01-25T13:04:43","date_gmt":"2019-01-25T15:04:43","guid":{"rendered":"https:\/\/hostnetart.com.br\/baixada\/contraf-cut-assina-marco-global-entre-o-banco-do-brasil-e-a-uni-global-union\/"},"modified":"2019-01-25T13:04:43","modified_gmt":"2019-01-25T15:04:43","slug":"contraf-cut-assina-marco-global-entre-o-banco-do-brasil-e-a-uni-global-union","status":"publish","type":"post","link":"https:\/\/hostnetart.com.br\/baixada\/contraf-cut-assina-marco-global-entre-o-banco-do-brasil-e-a-uni-global-union\/","title":{"rendered":"Contraf-CUT assina Marco Global entre o Banco do Brasil e a UNI Global Union"},"content":{"rendered":"<div class=\"content\">\n<p>A Contraf-CUT finalizou, nesta quinta-feira (24), a assinatura do Marco Global entre o Banco do Brasil e a UNI Global Union. O primeiro Acordo Marco com o BB foi assinado em 2011 e renovado at\u00e9 2015. Este novo acordo, nos moldes do anterior, tem validade de 2 anos.<\/p>\n<p>A Contraf-CUT vinha em negocia\u00e7\u00e3o com o Banco nos \u00faltimos anos. No final de 2018, o acordo entrou na pauta do Conselho Diretor do BB e foi aprovado para as assinaturas.<\/p>\n<p>Juvandia Moreira, presidenta da Contraf-CUT, explica que o Acordo Marco \u00e9 um importante instrumento para garantir direitos dos trabalhadores em n\u00edvel internacional, sejam eles do pr\u00f3prio Banco do Brasil ou de outros bancos sob controle do BB. \u201cO instrumento prev\u00ea que o banco deve respeitar os direitos dos banc\u00e1rios em seus pa\u00edses, as legisla\u00e7\u00f5es e os acordos e conv\u00eanios coletivos da categoria, assim como princ\u00edpios e direitos fundamentais do trabalho como, por exemplo, liberdade sindical e o reconhecimento efetivo do direito de negocia\u00e7\u00e3o coletiva; elimina\u00e7\u00e3o de todas as formas de trabalho for\u00e7ado e obrigat\u00f3rio; aboli\u00e7\u00e3o efetiva do trabalho infantil; elimina\u00e7\u00e3o da discrimina\u00e7\u00e3o em mat\u00e9ria de emprego e ocupa\u00e7\u00e3o.\u201d<\/p>\n<p>Gustavo Tabatinga Junior, secret\u00e1rio-geral, Contraf-CUT, completou ao dizer que \u201co acordo prev\u00ea ainda que o banco deve cumprir e respeitar os dez princ\u00edpios universais previstos no Pacto Global, assim como adotar medidas necess\u00e1rias para combater e prevenir problemas de sa\u00fade derivados da atividade laboral, visando \u00e0 sa\u00fade e seguran\u00e7a de seus trabalhadores.\u201d<\/p>\n<p>Para Wagner Nascimento, coordenador da Comiss\u00e3o, que participou das negocia\u00e7\u00f5es do acordo atual, este \u00e9 de fato um momento important\u00edssimo para os funcion\u00e1rios do BB de toda a Am\u00e9rica Latina. \u201cO acordo gera um compromisso da empresa com seus funcion\u00e1rios e viabiliza a negocia\u00e7\u00e3o por melhores condi\u00e7\u00f5es de trabalho, com a garantia de organiza\u00e7\u00e3o de trabalhadoras e trabalhadores.\u201d<\/p>\n<p>Roberto von der Osten, secret\u00e1rio de Rela\u00e7\u00f5es Internacionais da Contraf-CUT, lembra que a UNI Global Union, sindicato mundial do setor de servi\u00e7os \u00e0 qual a Contraf-CUT \u00e9 filiada e que representa mais de 20 milh\u00f5es de trabalhadores em 150 pa\u00edses, vem estimulando a busca de Acordos Marcos Globais. \u201cOs bancos se internacionalizaram e agem de forma diferenciada nos pa\u00edses onde atuam, tanto na sua estrat\u00e9gia quanto no trato com os trabalhadores. A nossa Confedera\u00e7\u00e3o entendeu este desafio de solidariedade. Est\u00e1 buscando acordos com bancos brasileiros que atuam fora, para uniformizar a garantia de direitos laborais dos banc\u00e1rios destes diferentes pa\u00edses.\u201d<\/p>\n<p>Marcio Monzane, secret\u00e1rio regional da Uni Am\u00e9ricas, refor\u00e7a a import\u00e2ncia deste acordo. \u201cEm um contexto de retrocessos em mat\u00e9ria de direito trabalhista, liberdades individuais, ataques a programas sociais que enfrentamos em nossa regi\u00e3o. Ressaltamos a maturidade da dire\u00e7\u00e3o do BB em apostar no di\u00e1logo social e na melhora das rela\u00e7\u00f5es do trabalho.\u201c<\/p>\n<p>Recentemente, a Comiss\u00e3o de empresa dos funcion\u00e1rios do Banco do Brasil esteve reunida com os funcion\u00e1rios do BB no Paraguai, estreitando as rela\u00e7\u00f5es entre trabalhadores e organiza\u00e7\u00e3o sindical dos dois pa\u00edses. <a href=\"http:\/\/www.contrafcut.org.br\/noticias\/contraf-cut-se-reune-com-bancarios-do-bb-do-paraguai-4761\">Saiba mais<\/a>.<\/p>\n<\/div>\n<p id=\"page-author\"><strong>Fonte: Contraf-CUT<\/strong><\/p>\n","protected":false},"excerpt":{"rendered":"<p>A Contraf-CUT finalizou, nesta quinta-feira (24), a assinatura do Marco Global entre o Banco do Brasil e a UNI Global Union. O primeiro Acordo Marco com o BB foi assinado em 2011 e renovado at\u00e9 2015. Este novo acordo, nos moldes do anterior, tem validade de 2 anos. A Contraf-CUT vinha em negocia\u00e7\u00e3o com o [&hellip;]<\/p>\n","protected":false},"author":2,"featured_media":5990,"comment_status":"","ping_status":"","sticky":false,"template":"","format":"standard","meta":{"footnotes":""},"categories":[3],"tags":[],"class_list":["post-5991","post","type-post","status-publish","format-standard","has-post-thumbnail","hentry","category-noticias"],"_links":{"self":[{"href":"https:\/\/hostnetart.com.br\/baixada\/wp-json\/wp\/v2\/posts\/5991","targetHints":{"allow":["GET"]}}],"collection":[{"href":"https:\/\/hostnetart.com.br\/baixada\/wp-json\/wp\/v2\/posts"}],"about":[{"href":"https:\/\/hostnetart.com.br\/baixada\/wp-json\/wp\/v2\/types\/post"}],"author":[{"embeddable":true,"href":"https:\/\/hostnetart.com.br\/baixada\/wp-json\/wp\/v2\/users\/2"}],"replies":[{"embeddable":true,"href":"https:\/\/hostnetart.com.br\/baixada\/wp-json\/wp\/v2\/comments?post=5991"}],"version-history":[{"count":0,"href":"https:\/\/hostnetart.com.br\/baixada\/wp-json\/wp\/v2\/posts\/5991\/revisions"}],"wp:featuredmedia":[{"embeddable":true,"href":"https:\/\/hostnetart.com.br\/baixada\/wp-json\/wp\/v2\/media\/5990"}],"wp:attachment":[{"href":"https:\/\/hostnetart.com.br\/baixada\/wp-json\/wp\/v2\/media?parent=5991"}],"wp:term":[{"taxonomy":"category","embeddable":true,"href":"https:\/\/hostnetart.com.br\/baixada\/wp-json\/wp\/v2\/categories?post=5991"},{"taxonomy":"post_tag","embeddable":true,"href":"https:\/\/hostnetart.com.br\/baixada\/wp-json\/wp\/v2\/tags?post=5991"}],"curies":[{"name":"wp","href":"https:\/\/api.w.org\/{rel}","templated":true}]}}