{"id":5979,"date":"2019-01-24T13:18:25","date_gmt":"2019-01-24T15:18:25","guid":{"rendered":"https:\/\/hostnetart.com.br\/baixada\/dieese-inflacao-e-menor-mas-produtos-essenciais-foram-os-que-mais-subiram\/"},"modified":"2019-01-24T13:18:25","modified_gmt":"2019-01-24T15:18:25","slug":"dieese-inflacao-e-menor-mas-produtos-essenciais-foram-os-que-mais-subiram","status":"publish","type":"post","link":"https:\/\/hostnetart.com.br\/baixada\/dieese-inflacao-e-menor-mas-produtos-essenciais-foram-os-que-mais-subiram\/","title":{"rendered":"Dieese: infla\u00e7\u00e3o \u00e9 menor, mas produtos essenciais foram os que mais subiram"},"content":{"rendered":"<p>A infla\u00e7\u00e3o no munic\u00edpio de S\u00e3o Paulo, medida pelo \u00cdndice do Custo de Vida (ICV) do Dieese, variou 3,89% no ano passado, um \u00edndice abaixo da meta fixada pelo governo. Apesar disso, o instituto lembra que o n\u00famero precisa ser visto com mais aten\u00e7\u00e3o, &#8220;pois aquilo que \u00e9 mais indispens\u00e1vel foi o que mais subiu&#8221;. E acrescenta: &#8220;Fica claro que, apesar da infla\u00e7\u00e3o m\u00e9dia baixa e dentro da meta, o poder de compra das fam\u00edlias paulistanas diminuiu em 2018&#8221;.<\/p>\n<p>Com alta de 12,51%, a gasolina contribuiu com 0,53 ponto percentual no ICV. Segundo o Dieese, &#8220;gra\u00e7as \u00e0s medidas adotadas pela Petrobras, com intuito de igualar o pre\u00e7o dom\u00e9stico ao internacional&#8221;. Em seguida, a eletricidade, com varia\u00e7\u00e3o de 13,63% e 0,38 ponto de participa\u00e7\u00e3o no \u00edndice geral.<\/p>\n<p>Outro item importante nos gastos foi o transporte p\u00fablico municipal, representado pelo \u00f4nibus comum: reajuste de 5,26% e impacto de 0,14 ponto.<\/p>\n<p>Na sequ\u00eancia, com aumentos de 1,25% e 4,25%, respectivamente, os conv\u00eanios m\u00e9dicos e as consultas tiveram impacto de 0,11 e 0,09 ponto percentual.<\/p>\n<p>Entre os produtos consumidos no dia a dia, o instituto destaca o tomate, cujo pre\u00e7o subiu 59,36% no ano passado. O impacto foi de 0,09 ponto, pouco acima da laranja pera (0,07), que aumentou 22,58%, e do p\u00e3o franc\u00eas (0,06), com alta de 6,14%. A cebola teve eleva\u00e7\u00e3o de 25,91% (0,03 ponto).<\/p>\n<p>O Dieese lembra que o ICV \u00e9 resultado de uma pesquisa sobre 594 itens, sendo 526 do grupo que inclui os produtos e servi\u00e7os de livre concorr\u00eancia, como alimentos, aluguel, manuten\u00e7\u00e3o de ve\u00edculos, roupas e lazer. Esse grupo equivale a 62,27% dos gastos das fam\u00edlias.<\/p>\n<p>Depois vem o grupo &#8220;oligopolizado&#8221;, que responde por 16,41% das despesas. Inclui rem\u00e9dios, conv\u00eanios m\u00e9dicos, cigarros e limpeza dom\u00e9stica.<\/p>\n<p>O terceiro \u00e9 dos pre\u00e7os administrados: impostos (IPTU, IPCA), tarifas de transporte coletivo, combust\u00edveis, \u00e1gua, luz e telefone. Representa 21,32% dos gastos habituais. Foi justamente esse grupo que teve a maior alta em 2018: 6,19%. Os &#8220;livres&#8221; subiram 3,55% e os &#8220;oligopolizados&#8221;, 2,17%.<\/p>\n<p>\u00a0<\/p>\n<p><strong>Fonte: Rede Brasil Atual<\/strong><\/p>\n","protected":false},"excerpt":{"rendered":"<p>A infla\u00e7\u00e3o no munic\u00edpio de S\u00e3o Paulo, medida pelo \u00cdndice do Custo de Vida (ICV) do Dieese, variou 3,89% no ano passado, um \u00edndice abaixo da meta fixada pelo governo. Apesar disso, o instituto lembra que o n\u00famero precisa ser visto com mais aten\u00e7\u00e3o, &#8220;pois aquilo que \u00e9 mais indispens\u00e1vel foi o que mais subiu&#8221;. [&hellip;]<\/p>\n","protected":false},"author":2,"featured_media":5978,"comment_status":"","ping_status":"","sticky":false,"template":"","format":"standard","meta":{"footnotes":""},"categories":[3],"tags":[],"class_list":["post-5979","post","type-post","status-publish","format-standard","has-post-thumbnail","hentry","category-noticias"],"_links":{"self":[{"href":"https:\/\/hostnetart.com.br\/baixada\/wp-json\/wp\/v2\/posts\/5979","targetHints":{"allow":["GET"]}}],"collection":[{"href":"https:\/\/hostnetart.com.br\/baixada\/wp-json\/wp\/v2\/posts"}],"about":[{"href":"https:\/\/hostnetart.com.br\/baixada\/wp-json\/wp\/v2\/types\/post"}],"author":[{"embeddable":true,"href":"https:\/\/hostnetart.com.br\/baixada\/wp-json\/wp\/v2\/users\/2"}],"replies":[{"embeddable":true,"href":"https:\/\/hostnetart.com.br\/baixada\/wp-json\/wp\/v2\/comments?post=5979"}],"version-history":[{"count":0,"href":"https:\/\/hostnetart.com.br\/baixada\/wp-json\/wp\/v2\/posts\/5979\/revisions"}],"wp:featuredmedia":[{"embeddable":true,"href":"https:\/\/hostnetart.com.br\/baixada\/wp-json\/wp\/v2\/media\/5978"}],"wp:attachment":[{"href":"https:\/\/hostnetart.com.br\/baixada\/wp-json\/wp\/v2\/media?parent=5979"}],"wp:term":[{"taxonomy":"category","embeddable":true,"href":"https:\/\/hostnetart.com.br\/baixada\/wp-json\/wp\/v2\/categories?post=5979"},{"taxonomy":"post_tag","embeddable":true,"href":"https:\/\/hostnetart.com.br\/baixada\/wp-json\/wp\/v2\/tags?post=5979"}],"curies":[{"name":"wp","href":"https:\/\/api.w.org\/{rel}","templated":true}]}}