{"id":5971,"date":"2019-01-23T12:41:08","date_gmt":"2019-01-23T14:41:08","guid":{"rendered":"https:\/\/hostnetart.com.br\/baixada\/concentrado-em-servicos-mercado-formal-cresce-em-2018-pagando-menos\/"},"modified":"2019-01-23T12:41:08","modified_gmt":"2019-01-23T14:41:08","slug":"concentrado-em-servicos-mercado-formal-cresce-em-2018-pagando-menos","status":"publish","type":"post","link":"https:\/\/hostnetart.com.br\/baixada\/concentrado-em-servicos-mercado-formal-cresce-em-2018-pagando-menos\/","title":{"rendered":"Concentrado em servi\u00e7os, mercado formal cresce em 2018 pagando menos"},"content":{"rendered":"<p>Com o setor de servi\u00e7os concentrando 75% das vagas e sal\u00e1rios menores, o mercado formal de trabalho abriu 529.554 vagas em 2018, varia\u00e7\u00e3o de 1,40%, segundo o Cadastro Geral de Empregados e Desempregados (Caged), que com o fim do Minist\u00e9rio do Trabalho passa a ser divulgado pela pasta da Economia. Foi o primeiro resultado positivo em quatro anos. Apenas em dezembro, foram fechados 334.462 postos de trabalho (-0,87%).<\/p>\n<p>O resultado de 2018 \u00e9 relativamente pr\u00f3ximo ao de 2014, quando o saldo do Caged foi de 420.690 vagas. O melhor resultado da s\u00e9rie hist\u00f3rica foi registrado em 2010, quando foram criados 2.223.597 empregos com carteira. Nos oito anos de governo Lula (2003-2010), o saldo superou 12,7 milh\u00f5es.<\/p>\n<p>Os dados de dezembro mostram continuidade da tend\u00eancia de<a class=\"internal-link\" title=\"\" href=\"https:\/\/www.redebrasilatual.com.br\/trabalho\/2018\/11\/reforma-trabalhista-reduziu-trabalho-decente-e-ampliou-empregos-precarios\" target=\"_blank\" rel=\"noopener noreferrer\">\u00a0sal\u00e1rios inferiores para quem entra no mercado de trabalho<\/a>. O ganho m\u00e9dio de quem foi contratado era de R$ 1.531, 28. Quem saiu ganhava R$ 1.729,51. Ou seja, os admitidos receberam, em m\u00e9dia, 11,4% a menos. Em rela\u00e7\u00e3o a dezembro do ano anterior, o sal\u00e1rio m\u00e9dio de admiss\u00e3o teve aumento real de 0,21%, enquanto o de desligamento recuou 1,39%.<\/p>\n<p>Entre as vagas com mais empregos, est\u00e3o ocupa\u00e7\u00f5es, em geral, de menor remunera\u00e7\u00e3o: alimentador de linha de produ\u00e7\u00e3o (100.061), faxineiro (61.653), auxiliar de escrit\u00f3rio (56.511), servente de obras (42.372) e atendente de lojas\/mercados (37.079).<\/p>\n<p>O emprego formal cresceu mais na faixa entre 18 e 24 anos (845.671 vagas) e para homens (327.354, ante 202.200 para mulheres). A predomin\u00e2ncia foi de vagas com ensino m\u00e9dio completo (529.951).\u00a0<\/p>\n<p>Do saldo total do ano passado, os servi\u00e7os ficaram com 398.603 vagas, crescimento de 2,38%. Destaque para \u00e1reas como com\u00e9rcio e administra\u00e7\u00e3o de im\u00f3veis (165.943) e servi\u00e7os m\u00e9dicos, odontol\u00f3gicos e veterin\u00e1rios (88.981), entre outras.<\/p>\n<p>A ind\u00fastria de transforma\u00e7\u00e3o ficou praticamente est\u00e1vel, com varia\u00e7\u00e3o de 0,04%: mais 2.610 vagas. Cresceram mais setores como produtos aliment\u00edcios, bebidas e \u00e1lcool et\u00edlico (saldo de 10.831 empregos), mec\u00e2nica (7.917) e metalurgia (7.832).\u00a0<\/p>\n<div>\n<p>J\u00e1 o com\u00e9rcio teve expans\u00e3o de 1,13%. Foram 102.007 postos de trabalho com carteira a mais, segundo o Caged. A constru\u00e7\u00e3o civil criou 17.957 vagas (0,89%) e a agropecu\u00e1ria, 3.245 (0,21%).<\/p>\n<p>Mais da metade dos empregos com carteira se concentrou no Sudeste: 251.706. A regi\u00e3o teve o menor crescimento percentual, 1,27%. Centro-Oeste (2,14%) e Norte (1,65%) abriram 66.825\u00a0 e 28.161 vagas, respectivamente. O Sul criou 102.223 (1,45%) e o Nordeste, 80.639 (1,30%).<\/p>\n<div>\n<p>Apenas no m\u00eas de dezembro, o\u00a0<a class=\"internal-link\" title=\"\" href=\"https:\/\/www.redebrasilatual.com.br\/trabalho\/2018\/07\/ministerio-do-trabalho-inclui-intermitentes-em-dados-sobre-criacao-de-empregos\" target=\"_blank\" rel=\"noopener noreferrer\">trabalho intermitente<\/a>, modalidade criada pela &#8220;reforma&#8221; trabalhista, teve saldo de 5.887 vagas, concentradas em com\u00e9rcio (2.742), servi\u00e7os (1.559) e constru\u00e7\u00e3o (859). No trabalho parcial, foram 2.266 a menos, sendo -2.269 em servi\u00e7os.<\/p>\n<p>\u00a0<\/p>\n<p><strong>Fonte: Rede Brasil Atual<\/strong><\/p>\n<\/div>\n<\/div>\n","protected":false},"excerpt":{"rendered":"<p>Com o setor de servi\u00e7os concentrando 75% das vagas e sal\u00e1rios menores, o mercado formal de trabalho abriu 529.554 vagas em 2018, varia\u00e7\u00e3o de 1,40%, segundo o Cadastro Geral de Empregados e Desempregados (Caged), que com o fim do Minist\u00e9rio do Trabalho passa a ser divulgado pela pasta da Economia. Foi o primeiro resultado positivo [&hellip;]<\/p>\n","protected":false},"author":2,"featured_media":5970,"comment_status":"","ping_status":"","sticky":false,"template":"","format":"standard","meta":{"footnotes":""},"categories":[3],"tags":[],"class_list":["post-5971","post","type-post","status-publish","format-standard","has-post-thumbnail","hentry","category-noticias"],"_links":{"self":[{"href":"https:\/\/hostnetart.com.br\/baixada\/wp-json\/wp\/v2\/posts\/5971","targetHints":{"allow":["GET"]}}],"collection":[{"href":"https:\/\/hostnetart.com.br\/baixada\/wp-json\/wp\/v2\/posts"}],"about":[{"href":"https:\/\/hostnetart.com.br\/baixada\/wp-json\/wp\/v2\/types\/post"}],"author":[{"embeddable":true,"href":"https:\/\/hostnetart.com.br\/baixada\/wp-json\/wp\/v2\/users\/2"}],"replies":[{"embeddable":true,"href":"https:\/\/hostnetart.com.br\/baixada\/wp-json\/wp\/v2\/comments?post=5971"}],"version-history":[{"count":0,"href":"https:\/\/hostnetart.com.br\/baixada\/wp-json\/wp\/v2\/posts\/5971\/revisions"}],"wp:featuredmedia":[{"embeddable":true,"href":"https:\/\/hostnetart.com.br\/baixada\/wp-json\/wp\/v2\/media\/5970"}],"wp:attachment":[{"href":"https:\/\/hostnetart.com.br\/baixada\/wp-json\/wp\/v2\/media?parent=5971"}],"wp:term":[{"taxonomy":"category","embeddable":true,"href":"https:\/\/hostnetart.com.br\/baixada\/wp-json\/wp\/v2\/categories?post=5971"},{"taxonomy":"post_tag","embeddable":true,"href":"https:\/\/hostnetart.com.br\/baixada\/wp-json\/wp\/v2\/tags?post=5971"}],"curies":[{"name":"wp","href":"https:\/\/api.w.org\/{rel}","templated":true}]}}