{"id":5969,"date":"2019-01-23T12:39:30","date_gmt":"2019-01-23T14:39:30","guid":{"rendered":"https:\/\/hostnetart.com.br\/baixada\/precos-de-alimentos-sobem-na-primeira-previa-da-inflacao-em-2019\/"},"modified":"2019-01-23T12:39:30","modified_gmt":"2019-01-23T14:39:30","slug":"precos-de-alimentos-sobem-na-primeira-previa-da-inflacao-em-2019","status":"publish","type":"post","link":"https:\/\/hostnetart.com.br\/baixada\/precos-de-alimentos-sobem-na-primeira-previa-da-inflacao-em-2019\/","title":{"rendered":"Pre\u00e7os de alimentos sobem na primeira &#8216;pr\u00e9via&#8217; da infla\u00e7\u00e3o em 2019"},"content":{"rendered":"<p>Com alta nos pre\u00e7os dos alimentos, o \u00cdndice Nacional de Pre\u00e7os ao Consumidor Amplo 15 (IPCA-15), que havia ca\u00eddo 0,16% em dezembro, subiu 0,30% no primeiro m\u00eas de 2019. Mesmo assim, foi o menor resultado para janeiro desde a implementa\u00e7\u00e3o do Plano Real, em 1994, segundo o IBGE, que divulgou o resultado na manh\u00e3 de hoje (23). O acumulado em 12 meses da &#8220;pr\u00e9via&#8221; da infla\u00e7\u00e3o oficial ficou em 3,77%.<\/p>\n<p>Grupo de maior peso na composi\u00e7\u00e3o do \u00edndice, Alimenta\u00e7\u00e3o e Bebidas registrou alta de 0,87% e respondeu sozinho por 0,22 ponto percentual na taxa total do m\u00eas. Segundo o instituto, o aumento ocorreu devido \u00e0 alimenta\u00e7\u00e3o no domic\u00edlio, que foi de 0,22%, em dezembro, para 1,07%, com destaque para itens como frutas (6,52%) e carnes (1,72%). O IBGE destaca ainda a cebola (17,50%) e a batata inglesa (11,27%), apesar de altas menores que as de dezembro.<\/p>\n<p>Comer fora teve aumento menor, passando de 0,58%, no m\u00eas passado, para 0,53%. Mas a refei\u00e7\u00e3o subiu mais, 0,67%.<\/p>\n<p>Entre as quedas, Transportes variou -0,47%, menos que em dezembro (-0,93%). Com recuo de 2,73%, a gasolina representou impacto individual de -0,12 ponto no IPCA-15. O pre\u00e7o s\u00f3 aumentou na regi\u00e3o metropolitana de Salvador. Tamb\u00e9m ca\u00edram etanol (-1,17%), \u00f3leo diesel (-3,43%) e passagens a\u00e9reas (-3,94%, depois de alta de 29,61% no \u00faltimo m\u00eas de 2018).<\/p>\n<p>Ainda nesse grupo, o IBGE apurou aumentos nas tarifas de \u00f4nibus\u00a0interestaduais\u00a0(2,63%), intermunicipais\u00a0(1,12%) e \u00f4nibus urbanos\u00a0(1,04%). Nesse \u00faltimo item efeito dos reajustes aplicados em Belo Horizonte e S\u00e3o Paulo, onde tamb\u00e9m houve eleva\u00e7\u00e3o das tarifas de trem e metr\u00f4, sempre de 7,5%. No Rio de Janeiro, houve aumento no t\u00e1xi.\u00a0<\/p>\n<p>No grupo Habita\u00e7\u00e3o, que variou 0,08% neste m\u00eas, a energia el\u00e9trica caiu 0,73%, na quarta queda seguida, embora menos intensa. Aumentaram a taxa de \u00e1gua e esgoto (0,70% e o g\u00e1s encanado (1,69%).<\/p>\n<p>Com aumento de 2,23% nos itens de higiene pessoal, o grupo Sa\u00fade e Cuidados Pessoais teve a segunda maior alta de janeiro: 0,68%, representando impacto de 0,08 ponto.\u00a0\u00a0<\/p>\n<p>Entre as \u00e1reas pesquisadas, a regi\u00e3o metropolitana de Curitiba teve defla\u00e7\u00e3o (-0,08%), com influ\u00eancia das quedas do pre\u00e7o da gasolina e da tarifa de energia. A maior varia\u00e7\u00e3o foi a de Salvador (0,80%), sob impacto de frutas e carnes. Em S\u00e3o Paulo, o IPCA-15 variou 0,21%. No acumulado em 12 meses, a taxa vai de 2,72% (Fortaleza) a 4,45% (Porto Alegre).<\/p>\n<p>O IPCA e o INPC de janeiro ser\u00e3o divulgados no dia 8 do m\u00eas que vem.<\/p>\n<p>\u00a0<\/p>\n<p><strong>Fonte: Rede Brasil Atual<\/strong><\/p>\n","protected":false},"excerpt":{"rendered":"<p>Com alta nos pre\u00e7os dos alimentos, o \u00cdndice Nacional de Pre\u00e7os ao Consumidor Amplo 15 (IPCA-15), que havia ca\u00eddo 0,16% em dezembro, subiu 0,30% no primeiro m\u00eas de 2019. Mesmo assim, foi o menor resultado para janeiro desde a implementa\u00e7\u00e3o do Plano Real, em 1994, segundo o IBGE, que divulgou o resultado na manh\u00e3 de [&hellip;]<\/p>\n","protected":false},"author":2,"featured_media":5968,"comment_status":"","ping_status":"","sticky":false,"template":"","format":"standard","meta":{"footnotes":""},"categories":[3],"tags":[],"class_list":["post-5969","post","type-post","status-publish","format-standard","has-post-thumbnail","hentry","category-noticias"],"_links":{"self":[{"href":"https:\/\/hostnetart.com.br\/baixada\/wp-json\/wp\/v2\/posts\/5969","targetHints":{"allow":["GET"]}}],"collection":[{"href":"https:\/\/hostnetart.com.br\/baixada\/wp-json\/wp\/v2\/posts"}],"about":[{"href":"https:\/\/hostnetart.com.br\/baixada\/wp-json\/wp\/v2\/types\/post"}],"author":[{"embeddable":true,"href":"https:\/\/hostnetart.com.br\/baixada\/wp-json\/wp\/v2\/users\/2"}],"replies":[{"embeddable":true,"href":"https:\/\/hostnetart.com.br\/baixada\/wp-json\/wp\/v2\/comments?post=5969"}],"version-history":[{"count":0,"href":"https:\/\/hostnetart.com.br\/baixada\/wp-json\/wp\/v2\/posts\/5969\/revisions"}],"wp:featuredmedia":[{"embeddable":true,"href":"https:\/\/hostnetart.com.br\/baixada\/wp-json\/wp\/v2\/media\/5968"}],"wp:attachment":[{"href":"https:\/\/hostnetart.com.br\/baixada\/wp-json\/wp\/v2\/media?parent=5969"}],"wp:term":[{"taxonomy":"category","embeddable":true,"href":"https:\/\/hostnetart.com.br\/baixada\/wp-json\/wp\/v2\/categories?post=5969"},{"taxonomy":"post_tag","embeddable":true,"href":"https:\/\/hostnetart.com.br\/baixada\/wp-json\/wp\/v2\/tags?post=5969"}],"curies":[{"name":"wp","href":"https:\/\/api.w.org\/{rel}","templated":true}]}}