{"id":5967,"date":"2019-01-23T12:36:56","date_gmt":"2019-01-23T14:36:56","guid":{"rendered":"https:\/\/hostnetart.com.br\/baixada\/privatizacao-da-caixa-colocara-politicas-para-os-mais-pobres-em-risco\/"},"modified":"2019-01-23T12:36:56","modified_gmt":"2019-01-23T14:36:56","slug":"privatizacao-da-caixa-colocara-politicas-para-os-mais-pobres-em-risco","status":"publish","type":"post","link":"https:\/\/hostnetart.com.br\/baixada\/privatizacao-da-caixa-colocara-politicas-para-os-mais-pobres-em-risco\/","title":{"rendered":"Privatiza\u00e7\u00e3o da Caixa colocar\u00e1 pol\u00edticas para os mais pobres em risco"},"content":{"rendered":"<p>N\u00fameros sobre a atua\u00e7\u00e3o da\u00a0<strong>Caixa<\/strong>Econ\u00f4mica Federal em 2018 mostram que se o governo\u00a0<strong>Bolsonaro<\/strong>\u00a0privatizar o banco ele dar\u00e1 um &#8220;tiro no p\u00e9&#8221; e deixar\u00e1 os segmentos mais pobres da sociedade sem assist\u00eancia por meio das pol\u00edticas sociais do governo.\u00a0Segundo v\u00eddeo divulgado pela Confedera\u00e7\u00e3o Nacional dos Trabalhadores do Ramo Financeiro (Contraf-CUT), que destaca tamb\u00e9m diferen\u00e7as entre bancos p\u00fablicos e privados, a Caixa realizou de janeiro a setembro do ano passado pagamentos em benef\u00edcios sociais da ordem de R$ 118,1 milh\u00f5es e pagou R$ 138,9 milh\u00f5es em benef\u00edcios aos trabalhadores.<\/p>\n<p>Foram investidos R$ 370 milh\u00f5es em apoio ao esporte e cultura. E R$ 66,1 milh\u00f5es na contrata\u00e7\u00e3o da casa pr\u00f3pria. Al\u00e9m disso, mais de 14 milh\u00f5es de fam\u00edlias foram beneficiadas pelo Bolsa Fam\u00edlia, programa criado pelo governo Lula para combater a pobreza no pa\u00eds.<\/p>\n<p>\u201cDo outro lado, os bancos privados n\u00e3o fizeram nada at\u00e9 hoje para estimular o desenvolvimento do pa\u00eds\u201d, afirma o narrador do v\u00eddeo. \u201cPense, qual \u00e9 o sentido de privatizar a Caixa?\u201d, pergunta ainda.<\/p>\n<p><b>Confira o v\u00eddeo:\u00a0<a href=\"https:\/\/www.youtube.com\/watch?v=S-84UVNnGT8\">https:\/\/www.youtube.com\/watch?v=S-84UVNnGT8<\/a><\/b><\/p>\n<p>\u00a0<\/p>\n<p><span style=\"text-decoration: underline;\"><b>Fonte: Rede Brasil Atual<\/b><\/span><\/p>\n","protected":false},"excerpt":{"rendered":"<p>N\u00fameros sobre a atua\u00e7\u00e3o da\u00a0CaixaEcon\u00f4mica Federal em 2018 mostram que se o governo\u00a0Bolsonaro\u00a0privatizar o banco ele dar\u00e1 um &#8220;tiro no p\u00e9&#8221; e deixar\u00e1 os segmentos mais pobres da sociedade sem assist\u00eancia por meio das pol\u00edticas sociais do governo.\u00a0Segundo v\u00eddeo divulgado pela Confedera\u00e7\u00e3o Nacional dos Trabalhadores do Ramo Financeiro (Contraf-CUT), que destaca tamb\u00e9m diferen\u00e7as entre bancos [&hellip;]<\/p>\n","protected":false},"author":2,"featured_media":5966,"comment_status":"","ping_status":"","sticky":false,"template":"","format":"standard","meta":{"footnotes":""},"categories":[3],"tags":[],"class_list":["post-5967","post","type-post","status-publish","format-standard","has-post-thumbnail","hentry","category-noticias"],"_links":{"self":[{"href":"https:\/\/hostnetart.com.br\/baixada\/wp-json\/wp\/v2\/posts\/5967","targetHints":{"allow":["GET"]}}],"collection":[{"href":"https:\/\/hostnetart.com.br\/baixada\/wp-json\/wp\/v2\/posts"}],"about":[{"href":"https:\/\/hostnetart.com.br\/baixada\/wp-json\/wp\/v2\/types\/post"}],"author":[{"embeddable":true,"href":"https:\/\/hostnetart.com.br\/baixada\/wp-json\/wp\/v2\/users\/2"}],"replies":[{"embeddable":true,"href":"https:\/\/hostnetart.com.br\/baixada\/wp-json\/wp\/v2\/comments?post=5967"}],"version-history":[{"count":0,"href":"https:\/\/hostnetart.com.br\/baixada\/wp-json\/wp\/v2\/posts\/5967\/revisions"}],"wp:featuredmedia":[{"embeddable":true,"href":"https:\/\/hostnetart.com.br\/baixada\/wp-json\/wp\/v2\/media\/5966"}],"wp:attachment":[{"href":"https:\/\/hostnetart.com.br\/baixada\/wp-json\/wp\/v2\/media?parent=5967"}],"wp:term":[{"taxonomy":"category","embeddable":true,"href":"https:\/\/hostnetart.com.br\/baixada\/wp-json\/wp\/v2\/categories?post=5967"},{"taxonomy":"post_tag","embeddable":true,"href":"https:\/\/hostnetart.com.br\/baixada\/wp-json\/wp\/v2\/tags?post=5967"}],"curies":[{"name":"wp","href":"https:\/\/api.w.org\/{rel}","templated":true}]}}