{"id":5965,"date":"2019-01-23T12:35:28","date_gmt":"2019-01-23T14:35:28","guid":{"rendered":"https:\/\/hostnetart.com.br\/baixada\/queiroz-flavio-milicianos-o-que-se-sabe-e-as-perguntas-ainda-sem-resposta\/"},"modified":"2019-01-23T12:35:28","modified_gmt":"2019-01-23T14:35:28","slug":"queiroz-flavio-milicianos-o-que-se-sabe-e-as-perguntas-ainda-sem-resposta","status":"publish","type":"post","link":"https:\/\/hostnetart.com.br\/baixada\/queiroz-flavio-milicianos-o-que-se-sabe-e-as-perguntas-ainda-sem-resposta\/","title":{"rendered":"Queiroz, Fl\u00e1vio, milicianos: o que se sabe e as perguntas ainda sem resposta"},"content":{"rendered":"<p>O governo de Jair Bolsonaro, com tr\u00eas semanas de &#8220;gest\u00e3o&#8221;,\u00a0 j\u00e1 acumula uma s\u00e9rie de problemas de ordem moral, um dos principais componentes da ascens\u00e3o pol\u00edtica do ex-capit\u00e3o. A libera\u00e7\u00e3o da\u00a0<a class=\"internal-link\" title=\"\" href=\"https:\/\/www.redebrasilatual.com.br\/cidadania\/2019\/01\/liberacao-da-posse-de-armas-e-um-projeto-de-morte-mal-intencionado\" target=\"_blank\" rel=\"noopener noreferrer\">posse de arma<\/a>s \u00e9 criticada por especialistas; a guerra contra organiza\u00e7\u00f5es n\u00e3o governamentais que resolvem uma\u00a0<a class=\"internal-link\" title=\"\" href=\"https:\/\/www.redebrasilatual.com.br\/ambiente\/2019\/01\/fim-de-parceria-com-ongs-fere-lei-nacional-e-confirma-perseguicao-do-novo-governo\" target=\"_blank\" rel=\"noopener noreferrer\">s\u00e9rie de demandas<\/a>\u00a0sociais que o Estado n\u00e3o d\u00e1 conta; a amea\u00e7a de\u00a0<a class=\"internal-link\" title=\"\" href=\"https:\/\/www.redebrasilatual.com.br\/educacao\/2019\/01\/governo-bolsonaro-ameaca-fechar-escolas-do-mst-que-atendem-200-mil-alunos\" target=\"_blank\" rel=\"noopener noreferrer\">fechar escolas<\/a>\u00a0regulamentadas pelo Minist\u00e9rio da Educa\u00e7\u00e3o em assentamentos; o aceno contra demarca\u00e7\u00f5es de\u00a0<a class=\"internal-link\" title=\"\" href=\"https:\/\/www.redebrasilatual.com.br\/politica\/2019\/01\/decisao-do-governo-de-suspender-demarcacoes-ja-provoca-invasoes-em-terras-indigenas\" target=\"_blank\" rel=\"noopener noreferrer\">terras ind\u00edgenas<\/a>; a &#8220;<a class=\"internal-link\" title=\"\" href=\"https:\/\/www.redebrasilatual.com.br\/politica\/2019\/01\/funcionarios-do-bb-estao-indignados-com-nomeacao-de-filho-de-mourao\" target=\"_blank\" rel=\"noopener noreferrer\">promo\u00e7\u00e3o<\/a>&#8221; do filho do vice-presidente Hamilton Mour\u00e3o no Banco do Brasil. Sem contar o vaiv\u00e9m de decis\u00f5es tomadas num dia, seguidas de\u00a0<a class=\"internal-link\" title=\"\" href=\"https:\/\/www.redebrasilatual.com.br\/politica\/2019\/01\/2018bolsonaro-recua2019-tem-mais-de-100-mil-resultados-em-site-de-busca\" target=\"_blank\" rel=\"noopener noreferrer\">recuo<\/a>\u00a0no outro.<\/p>\n<p>Tudo isso pegou mal para algu\u00e9m que foi eleito com a promessa de ser\u00a0<a class=\"internal-link\" title=\"\" href=\"https:\/\/www.redebrasilatual.com.br\/politica\/2018\/12\/protagonistas-do-ano-eleitoral-antissistema-e-antipetismo-formam-onda-a-direita\" target=\"_blank\" rel=\"noopener noreferrer\">antissistema<\/a>\u00a0e de p\u00f4r a casa em ordem. Agora, o discurso anticorrup\u00e7\u00e3o tamb\u00e9m est\u00e1 em xeque diante de den\u00fancias que atingem o filho do presidente da Rep\u00fablica, deputado estadual Fl\u00e1vio Bolsonaro, senador eleito pelo PSL, partido controlado por seu pai.<\/p>\n<p>S\u00e3o tantas den\u00fancias, suspeitas e revela\u00e7\u00f5es \u2013 \u00e0s quais se acrescentam hoje as pris\u00f5es de milicianos suspeitos de envolvimento na morte de Marielle Franco e de ter rela\u00e7\u00e3o com os Bolsonaro \u2013 que fica at\u00e9 dif\u00edcil acompanhar. A\u00a0<strong>RBA<\/strong>\u00a0faz um resumo dos fatos\u00a0e levanta algumas perguntas ainda sem respostas.\u00a0<\/p>\n<p>\u00a0<\/p>\n<p><strong>Fonte: Rede Brasil Atual<\/strong><\/p>\n","protected":false},"excerpt":{"rendered":"<p>O governo de Jair Bolsonaro, com tr\u00eas semanas de &#8220;gest\u00e3o&#8221;,\u00a0 j\u00e1 acumula uma s\u00e9rie de problemas de ordem moral, um dos principais componentes da ascens\u00e3o pol\u00edtica do ex-capit\u00e3o. A libera\u00e7\u00e3o da\u00a0posse de armas \u00e9 criticada por especialistas; a guerra contra organiza\u00e7\u00f5es n\u00e3o governamentais que resolvem uma\u00a0s\u00e9rie de demandas\u00a0sociais que o Estado n\u00e3o d\u00e1 conta; a [&hellip;]<\/p>\n","protected":false},"author":2,"featured_media":5964,"comment_status":"","ping_status":"","sticky":false,"template":"","format":"standard","meta":{"footnotes":""},"categories":[3],"tags":[],"class_list":["post-5965","post","type-post","status-publish","format-standard","has-post-thumbnail","hentry","category-noticias"],"_links":{"self":[{"href":"https:\/\/hostnetart.com.br\/baixada\/wp-json\/wp\/v2\/posts\/5965","targetHints":{"allow":["GET"]}}],"collection":[{"href":"https:\/\/hostnetart.com.br\/baixada\/wp-json\/wp\/v2\/posts"}],"about":[{"href":"https:\/\/hostnetart.com.br\/baixada\/wp-json\/wp\/v2\/types\/post"}],"author":[{"embeddable":true,"href":"https:\/\/hostnetart.com.br\/baixada\/wp-json\/wp\/v2\/users\/2"}],"replies":[{"embeddable":true,"href":"https:\/\/hostnetart.com.br\/baixada\/wp-json\/wp\/v2\/comments?post=5965"}],"version-history":[{"count":0,"href":"https:\/\/hostnetart.com.br\/baixada\/wp-json\/wp\/v2\/posts\/5965\/revisions"}],"wp:featuredmedia":[{"embeddable":true,"href":"https:\/\/hostnetart.com.br\/baixada\/wp-json\/wp\/v2\/media\/5964"}],"wp:attachment":[{"href":"https:\/\/hostnetart.com.br\/baixada\/wp-json\/wp\/v2\/media?parent=5965"}],"wp:term":[{"taxonomy":"category","embeddable":true,"href":"https:\/\/hostnetart.com.br\/baixada\/wp-json\/wp\/v2\/categories?post=5965"},{"taxonomy":"post_tag","embeddable":true,"href":"https:\/\/hostnetart.com.br\/baixada\/wp-json\/wp\/v2\/tags?post=5965"}],"curies":[{"name":"wp","href":"https:\/\/api.w.org\/{rel}","templated":true}]}}