{"id":5959,"date":"2019-01-23T12:24:37","date_gmt":"2019-01-23T14:24:37","guid":{"rendered":"https:\/\/hostnetart.com.br\/baixada\/apos-muita-cobranca-caixa-anuncia-contratacao-de-aprovados-em-concurso-de-2014\/"},"modified":"2019-01-23T12:24:37","modified_gmt":"2019-01-23T14:24:37","slug":"apos-muita-cobranca-caixa-anuncia-contratacao-de-aprovados-em-concurso-de-2014","status":"publish","type":"post","link":"https:\/\/hostnetart.com.br\/baixada\/apos-muita-cobranca-caixa-anuncia-contratacao-de-aprovados-em-concurso-de-2014\/","title":{"rendered":"Ap\u00f3s muita cobran\u00e7a, Caixa anuncia contrata\u00e7\u00e3o de aprovados em concurso de 2014"},"content":{"rendered":"<div class=\"content\">\n<p>A dire\u00e7\u00e3o da Caixa comunicou internamente, no dia 17 de janeiro, que ir\u00e1 chamar os selecionados no \u00faltimo concurso, realizado pelo banco em 2014, para contrata\u00e7\u00f5es.<\/p>\n<p>De acordo com o Coordenador da Comiss\u00e3o Executiva dos Empregados da Caixa (CEE\/Caixa), Dion\u00edsio Reis, &#8220;essa \u00e9 uma reivindica\u00e7\u00e3o dos trabalhadores e das entidades, que t\u00eam denunciado nos \u00faltimos anos a redu\u00e7\u00e3o significativa do quadro de pessoal do banco, acarretando o adoecimento dos empregados e comprometendo a qualidade do atendimento \u00e0 popula\u00e7\u00e3o\u201d, disse.<\/p>\n<p>Segundo o Cadastro Geral de Empregados e Desempregados (CAGED), entre mar\u00e7o de 2015 e novembro de 2018, a Caixa fechou 12.934 postos de trabalho no pa\u00eds. 87,0% dos desligados estavam no emprego h\u00e1 10 anos ou mais.<\/p>\n<p><strong>Mais empregados para Caixa, Mais Caixa para o Brasil<\/strong><\/p>\n<p>A campanha de 2017, criada pelas entidades representativas em 2009, continua percorrendo as ag\u00eancias, onde a popula\u00e7\u00e3o mais sente a falta de empregados e cobrando mais contrata\u00e7\u00f5es.<\/p>\n<p>\u201cPor isso vamos reafirmar na mesma de negocia\u00e7\u00e3o a import\u00e2ncia da Caixa como banco 100% p\u00fablico, fundamental para o desenvolvimento social e econ\u00f4mico do pa\u00eds, que n\u00e3o pode ter sua atua\u00e7\u00e3o reduzida\u201d, concluiu Dion\u00edsio Reis.<\/p>\n<p>A CEE\/Caixa se reunir\u00e1 com a dire\u00e7\u00e3o do banco no dia 1 de fevereiro para discutir o tema.<\/p>\n<\/div>\n<p id=\"page-author\"><span style=\"text-decoration: underline;\"><strong>Fonte: Contraf-CUT<\/strong><\/span><\/p>\n","protected":false},"excerpt":{"rendered":"<p>A dire\u00e7\u00e3o da Caixa comunicou internamente, no dia 17 de janeiro, que ir\u00e1 chamar os selecionados no \u00faltimo concurso, realizado pelo banco em 2014, para contrata\u00e7\u00f5es. De acordo com o Coordenador da Comiss\u00e3o Executiva dos Empregados da Caixa (CEE\/Caixa), Dion\u00edsio Reis, &#8220;essa \u00e9 uma reivindica\u00e7\u00e3o dos trabalhadores e das entidades, que t\u00eam denunciado nos \u00faltimos [&hellip;]<\/p>\n","protected":false},"author":2,"featured_media":5958,"comment_status":"","ping_status":"","sticky":false,"template":"","format":"standard","meta":{"footnotes":""},"categories":[3],"tags":[],"class_list":["post-5959","post","type-post","status-publish","format-standard","has-post-thumbnail","hentry","category-noticias"],"_links":{"self":[{"href":"https:\/\/hostnetart.com.br\/baixada\/wp-json\/wp\/v2\/posts\/5959","targetHints":{"allow":["GET"]}}],"collection":[{"href":"https:\/\/hostnetart.com.br\/baixada\/wp-json\/wp\/v2\/posts"}],"about":[{"href":"https:\/\/hostnetart.com.br\/baixada\/wp-json\/wp\/v2\/types\/post"}],"author":[{"embeddable":true,"href":"https:\/\/hostnetart.com.br\/baixada\/wp-json\/wp\/v2\/users\/2"}],"replies":[{"embeddable":true,"href":"https:\/\/hostnetart.com.br\/baixada\/wp-json\/wp\/v2\/comments?post=5959"}],"version-history":[{"count":0,"href":"https:\/\/hostnetart.com.br\/baixada\/wp-json\/wp\/v2\/posts\/5959\/revisions"}],"wp:featuredmedia":[{"embeddable":true,"href":"https:\/\/hostnetart.com.br\/baixada\/wp-json\/wp\/v2\/media\/5958"}],"wp:attachment":[{"href":"https:\/\/hostnetart.com.br\/baixada\/wp-json\/wp\/v2\/media?parent=5959"}],"wp:term":[{"taxonomy":"category","embeddable":true,"href":"https:\/\/hostnetart.com.br\/baixada\/wp-json\/wp\/v2\/categories?post=5959"},{"taxonomy":"post_tag","embeddable":true,"href":"https:\/\/hostnetart.com.br\/baixada\/wp-json\/wp\/v2\/tags?post=5959"}],"curies":[{"name":"wp","href":"https:\/\/api.w.org\/{rel}","templated":true}]}}