{"id":5957,"date":"2019-01-22T12:22:50","date_gmt":"2019-01-22T14:22:50","guid":{"rendered":"https:\/\/hostnetart.com.br\/baixada\/as-26-pessoas-mais-ricas-do-mundo-detem-a-mesma-riqueza-dos-3-8-bilhoes-mais-pobres\/"},"modified":"2019-01-22T12:22:50","modified_gmt":"2019-01-22T14:22:50","slug":"as-26-pessoas-mais-ricas-do-mundo-detem-a-mesma-riqueza-dos-3-8-bilhoes-mais-pobres","status":"publish","type":"post","link":"https:\/\/hostnetart.com.br\/baixada\/as-26-pessoas-mais-ricas-do-mundo-detem-a-mesma-riqueza-dos-3-8-bilhoes-mais-pobres\/","title":{"rendered":"As 26 pessoas mais ricas do mundo det\u00eam a mesma riqueza dos 3,8 bilh\u00f5es mais pobres"},"content":{"rendered":"<p class=\" \">\u00c0s v\u00e9speras da abertura do F\u00f3rum Econ\u00f4mico Mundial que se inicia nesta ter\u00e7a-feira (22), a organiza\u00e7\u00e3o n\u00e3o governamental Oxfam divulgou um relat\u00f3rio apontando um aumento vertiginoso da\u00a0<a class=\"internal-link\" title=\"\" href=\"https:\/\/www.redebrasilatual.com.br\/mundo\/2019\/01\/politicas-sociais-sao-fundamentais-para-combater-a-desigualdade-diz-cepal\" target=\"_blank\" rel=\"noopener noreferrer\">desigualdade no mundo<\/a>\u00a0nos \u00faltimos 25 anos. De acordo com o levantamento, as 26 pessoas mais ricas do mundo det\u00eam a mesma riqueza dos 3,8 bilh\u00f5es mais pobres, o que equivale \u00e0 metade da popula\u00e7\u00e3o mundial.<\/p>\n<p class=\" \">Em sua an\u00e1lise para o\u00a0<i>Seu Jornal<\/i>, da\u00a0<b>TVT<\/b>, o correspondente internacional Fl\u00e1vio Aguiar acrescentou o\u00a0<a class=\"internal-link\" title=\"\" href=\"https:\/\/www.redebrasilatual.com.br\/politica\/2018\/12\/dilma-crescimento-da-desigualdade-social-levou-a-crise-da-democracia\" target=\"_blank\" rel=\"noopener noreferrer\">descompasso<\/a>\u00a0que h\u00e1 entre as perdas e ganhos na renda dos mais ricos comparada com a dos mais pobres. Isso porque, de acordo com relat\u00f3rio, os 2.200 bilion\u00e1rios acumularam mais 12% \u00e0s suas fortunas em 2018, enquanto os 3,8 bilh\u00f5es mais pobres perderam 11%.<\/p>\n<p class=\" \">\u201cA proximidade das cifras gera uma outra inquieta\u00e7\u00e3o, quer dizer, a riqueza ou a participa\u00e7\u00e3o na renda mundial est\u00e1 saindo de um lado e entrando em outro\u201d, afirma Fl\u00e1vio Aguiar.<\/p>\n<p class=\" \">O relat\u00f3rio tem como intuito chamar a aten\u00e7\u00e3o para a necessidade de investimentos p\u00fablicos nas \u00e1reas de educa\u00e7\u00e3o e sa\u00fade e pontua que se os bilion\u00e1rios fossem\u00a0<a class=\"internal-link\" title=\"\" href=\"https:\/\/www.redebrasilatual.com.br\/blogs\/blog-na-rede\/2018\/12\/o-1-rico-do-pais-e-a-mentira-neoliberal-espalhada-pelo-mbl\" target=\"_blank\" rel=\"noopener noreferrer\">taxados em mais 1%<\/a>, poderia ser criado um fundo de US$ 418 bilh\u00f5es de d\u00f3lares. A quantia \u00e9 considerada suficiente pela Oxfam para resolver os problemas educacionais e reduzir substancialmente as quest\u00f5es de acesso \u00e0 sa\u00fade.<\/p>\n<h3 class=\" \">Assista ao coment\u00e1rio:\u00a0https:\/\/www.youtube.com\/watch?v=uBRZGCMXWOs#action=share<\/h3>\n<p>\u00a0<\/p>\n<p><strong>Fonte: Rede Brasil Atual<\/strong><\/p>\n","protected":false},"excerpt":{"rendered":"<p>\u00c0s v\u00e9speras da abertura do F\u00f3rum Econ\u00f4mico Mundial que se inicia nesta ter\u00e7a-feira (22), a organiza\u00e7\u00e3o n\u00e3o governamental Oxfam divulgou um relat\u00f3rio apontando um aumento vertiginoso da\u00a0desigualdade no mundo\u00a0nos \u00faltimos 25 anos. De acordo com o levantamento, as 26 pessoas mais ricas do mundo det\u00eam a mesma riqueza dos 3,8 bilh\u00f5es mais pobres, o que [&hellip;]<\/p>\n","protected":false},"author":2,"featured_media":5956,"comment_status":"","ping_status":"","sticky":false,"template":"","format":"standard","meta":{"footnotes":""},"categories":[3],"tags":[],"class_list":["post-5957","post","type-post","status-publish","format-standard","has-post-thumbnail","hentry","category-noticias"],"_links":{"self":[{"href":"https:\/\/hostnetart.com.br\/baixada\/wp-json\/wp\/v2\/posts\/5957","targetHints":{"allow":["GET"]}}],"collection":[{"href":"https:\/\/hostnetart.com.br\/baixada\/wp-json\/wp\/v2\/posts"}],"about":[{"href":"https:\/\/hostnetart.com.br\/baixada\/wp-json\/wp\/v2\/types\/post"}],"author":[{"embeddable":true,"href":"https:\/\/hostnetart.com.br\/baixada\/wp-json\/wp\/v2\/users\/2"}],"replies":[{"embeddable":true,"href":"https:\/\/hostnetart.com.br\/baixada\/wp-json\/wp\/v2\/comments?post=5957"}],"version-history":[{"count":0,"href":"https:\/\/hostnetart.com.br\/baixada\/wp-json\/wp\/v2\/posts\/5957\/revisions"}],"wp:featuredmedia":[{"embeddable":true,"href":"https:\/\/hostnetart.com.br\/baixada\/wp-json\/wp\/v2\/media\/5956"}],"wp:attachment":[{"href":"https:\/\/hostnetart.com.br\/baixada\/wp-json\/wp\/v2\/media?parent=5957"}],"wp:term":[{"taxonomy":"category","embeddable":true,"href":"https:\/\/hostnetart.com.br\/baixada\/wp-json\/wp\/v2\/categories?post=5957"},{"taxonomy":"post_tag","embeddable":true,"href":"https:\/\/hostnetart.com.br\/baixada\/wp-json\/wp\/v2\/tags?post=5957"}],"curies":[{"name":"wp","href":"https:\/\/api.w.org\/{rel}","templated":true}]}}