{"id":5951,"date":"2019-01-22T12:18:48","date_gmt":"2019-01-22T14:18:48","guid":{"rendered":"https:\/\/hostnetart.com.br\/baixada\/decreto-das-armas-pode-dificultar-denuncias-de-agressoes-contra-mulheres\/"},"modified":"2019-01-22T12:18:48","modified_gmt":"2019-01-22T14:18:48","slug":"decreto-das-armas-pode-dificultar-denuncias-de-agressoes-contra-mulheres","status":"publish","type":"post","link":"https:\/\/hostnetart.com.br\/baixada\/decreto-das-armas-pode-dificultar-denuncias-de-agressoes-contra-mulheres\/","title":{"rendered":"Decreto das armas pode dificultar den\u00fancias de agress\u00f5es contra mulheres"},"content":{"rendered":"<div class=\"content\">\n<p>A farmac\u00eautica Maria da Penha ficou parapl\u00e9gica em 1983 depois de levar um tiro de espingarda que atingiu sua coluna. Seria o pen\u00faltimo epis\u00f3dio de uma s\u00e9rie extensa de agress\u00f5es por parte do marido e pai de suas tr\u00eas filhas. Ela foi v\u00edtima, ainda, de uma tentativa de eletrocu\u00e7\u00e3o durante o banho. E poderia ter se tornado um n\u00famero, uma estat\u00edstica, das mortes decorrentes de viol\u00eancia dom\u00e9stica.\u00a0<\/p>\n<p>Levantamento feito pelo jornal O Estado de S. Paulo, com base em dados do Sistema de Informa\u00e7\u00f5es sobre Mortalidade (SIM) do Minist\u00e9rio da Sa\u00fade (no portal Datasus), aponta que \u00e9 quase tr\u00eas vezes maior o n\u00famero de mulheres mortas a tiros, dentro de casa, em compara\u00e7\u00e3o ao sexo masculino. Dos 46.881 homens vitimados por armas de fogo em 2017, \u00faltimo dado dispon\u00edvel no sistema, 10,6% morreram dentro de casa. No caso delas, foram 2.796 mortes e 25% em seus domic\u00edlios.<\/p>\n<p>Maria da Penha, no entanto, sobreviveu e virou um s\u00edmbolo. Mais que isso, sua hist\u00f3ria e sua luta resultaram em uma das mais avan\u00e7adas legisla\u00e7\u00f5es do mundo de combate \u00e0 viol\u00eancia contra a mulher. Agora, v\u00ea com &#8220;muita preocupa\u00e7\u00e3o&#8221; o decreto do presidente Jair Bolsonaro, que libera a posse de armas (at\u00e9 quatro por endere\u00e7o) nas resid\u00eancias brasileiras.<\/p>\n<p>&#8220;Sabemos que a maioria dos assassinatos de mulheres ocorre dentro de casa&#8221;, confirma Concei\u00e7\u00e3o de Maria, superintendente-geral do Instituto Maria da Penha, que ajudou a fundar em 2009. &#8220;Com o homem agressor em posse de uma arma, a amea\u00e7a pode ser mais grave e se tornar um feminic\u00eddio.&#8221;<\/p>\n<p>Concei\u00e7\u00e3o conta que uma pesquisa realizada em parceria com a Universidade Federal do Cear\u00e1, entre 2016 e 2017, com 10 mil mulheres nas nove capitais da regi\u00e3o Nordeste, d\u00e1 conta de que tr\u00eas em cada 10 j\u00e1 passaram por pelo menos uma situa\u00e7\u00e3o de viol\u00eancia dom\u00e9stica na vida. &#8220;O que ser\u00e1 desses lares com uma arma de fogo&#8221;, questiona.<\/p>\n<p>Clique\u00a0<a href=\"https:\/\/www.redebrasilatual.com.br\/cidadania\/2019\/01\/decreto-que-libera-posse-de-armas-pode-dificultar-denuncias-contra-agressores-de-mulheres\">aqui\u00a0<\/a>e leia a mat\u00e9ria na \u00edntegra.<\/p>\n<\/div>\n<p id=\"page-author\"><strong>Fonte: Claudia Motta, da RBA<\/strong><\/p>\n","protected":false},"excerpt":{"rendered":"<p>A farmac\u00eautica Maria da Penha ficou parapl\u00e9gica em 1983 depois de levar um tiro de espingarda que atingiu sua coluna. Seria o pen\u00faltimo epis\u00f3dio de uma s\u00e9rie extensa de agress\u00f5es por parte do marido e pai de suas tr\u00eas filhas. Ela foi v\u00edtima, ainda, de uma tentativa de eletrocu\u00e7\u00e3o durante o banho. E poderia ter [&hellip;]<\/p>\n","protected":false},"author":2,"featured_media":5950,"comment_status":"","ping_status":"","sticky":false,"template":"","format":"standard","meta":{"footnotes":""},"categories":[3],"tags":[],"class_list":["post-5951","post","type-post","status-publish","format-standard","has-post-thumbnail","hentry","category-noticias"],"_links":{"self":[{"href":"https:\/\/hostnetart.com.br\/baixada\/wp-json\/wp\/v2\/posts\/5951","targetHints":{"allow":["GET"]}}],"collection":[{"href":"https:\/\/hostnetart.com.br\/baixada\/wp-json\/wp\/v2\/posts"}],"about":[{"href":"https:\/\/hostnetart.com.br\/baixada\/wp-json\/wp\/v2\/types\/post"}],"author":[{"embeddable":true,"href":"https:\/\/hostnetart.com.br\/baixada\/wp-json\/wp\/v2\/users\/2"}],"replies":[{"embeddable":true,"href":"https:\/\/hostnetart.com.br\/baixada\/wp-json\/wp\/v2\/comments?post=5951"}],"version-history":[{"count":0,"href":"https:\/\/hostnetart.com.br\/baixada\/wp-json\/wp\/v2\/posts\/5951\/revisions"}],"wp:featuredmedia":[{"embeddable":true,"href":"https:\/\/hostnetart.com.br\/baixada\/wp-json\/wp\/v2\/media\/5950"}],"wp:attachment":[{"href":"https:\/\/hostnetart.com.br\/baixada\/wp-json\/wp\/v2\/media?parent=5951"}],"wp:term":[{"taxonomy":"category","embeddable":true,"href":"https:\/\/hostnetart.com.br\/baixada\/wp-json\/wp\/v2\/categories?post=5951"},{"taxonomy":"post_tag","embeddable":true,"href":"https:\/\/hostnetart.com.br\/baixada\/wp-json\/wp\/v2\/tags?post=5951"}],"curies":[{"name":"wp","href":"https:\/\/api.w.org\/{rel}","templated":true}]}}