{"id":5949,"date":"2019-01-22T12:11:12","date_gmt":"2019-01-22T14:11:12","guid":{"rendered":"https:\/\/hostnetart.com.br\/baixada\/contraf-cut-participa-de-reuniao-com-a-cassi-no-dia-23-de-janeiro\/"},"modified":"2019-01-22T12:11:12","modified_gmt":"2019-01-22T14:11:12","slug":"contraf-cut-participa-de-reuniao-com-a-cassi-no-dia-23-de-janeiro","status":"publish","type":"post","link":"https:\/\/hostnetart.com.br\/baixada\/contraf-cut-participa-de-reuniao-com-a-cassi-no-dia-23-de-janeiro\/","title":{"rendered":"Contraf-CUT participa de reuni\u00e3o com a Cassi no dia 23 de janeiro"},"content":{"rendered":"<div class=\"content\">\n<p>A Contraf-CUT participar\u00e1 de reuni\u00e3o\u00a0a Convite da Cassi,\u00a0no pr\u00f3ximo dia 23 de janeiro, para retomar as discuss\u00f5es sobre a sustentabilidade da Caixa de Assist\u00eancia dos Funcion\u00e1rios do Banco do Brasil.<\/p>\n<p>Participar\u00e3o da reuni\u00e3o os representantes das Entidades da Mesa de Negocia\u00e7\u00e3o, a Diretoria da Cassi (eleitos e indicados), bem como representantes do banco.<\/p>\n<p>A Contraf-CUT ser\u00e1 representada pelo Coordenador da Comiss\u00e3o de Empresa dos Funcion\u00e1rios do BB, Wagner Nascimento, que afirma a import\u00e2ncia da retomada do contato com as entidades, e que espera que a mesa de negocia\u00e7\u00e3o entre Banco e Entidades seja reestabelecida. \u201cPrecisamos retornar \u00e0 negocia\u00e7\u00e3o pois temos a certeza da urg\u00eancia, mas tamb\u00e9m a responsabilidade de fazer uma negocia\u00e7\u00e3o que una os interesses dos associados com a sustentabilidade da Cassi, completa.<\/p>\n<p>A reuni\u00e3o acontecer\u00e1 na Sede da Cassi em Bras\u00edlia.<\/p>\n<\/div>\n<p id=\"page-author\"><strong>Fonte: Contraf-CUT<\/strong><\/p>\n","protected":false},"excerpt":{"rendered":"<p>A Contraf-CUT participar\u00e1 de reuni\u00e3o\u00a0a Convite da Cassi,\u00a0no pr\u00f3ximo dia 23 de janeiro, para retomar as discuss\u00f5es sobre a sustentabilidade da Caixa de Assist\u00eancia dos Funcion\u00e1rios do Banco do Brasil. Participar\u00e3o da reuni\u00e3o os representantes das Entidades da Mesa de Negocia\u00e7\u00e3o, a Diretoria da Cassi (eleitos e indicados), bem como representantes do banco. A Contraf-CUT [&hellip;]<\/p>\n","protected":false},"author":2,"featured_media":5948,"comment_status":"","ping_status":"","sticky":false,"template":"","format":"standard","meta":{"footnotes":""},"categories":[3],"tags":[],"class_list":["post-5949","post","type-post","status-publish","format-standard","has-post-thumbnail","hentry","category-noticias"],"_links":{"self":[{"href":"https:\/\/hostnetart.com.br\/baixada\/wp-json\/wp\/v2\/posts\/5949","targetHints":{"allow":["GET"]}}],"collection":[{"href":"https:\/\/hostnetart.com.br\/baixada\/wp-json\/wp\/v2\/posts"}],"about":[{"href":"https:\/\/hostnetart.com.br\/baixada\/wp-json\/wp\/v2\/types\/post"}],"author":[{"embeddable":true,"href":"https:\/\/hostnetart.com.br\/baixada\/wp-json\/wp\/v2\/users\/2"}],"replies":[{"embeddable":true,"href":"https:\/\/hostnetart.com.br\/baixada\/wp-json\/wp\/v2\/comments?post=5949"}],"version-history":[{"count":0,"href":"https:\/\/hostnetart.com.br\/baixada\/wp-json\/wp\/v2\/posts\/5949\/revisions"}],"wp:featuredmedia":[{"embeddable":true,"href":"https:\/\/hostnetart.com.br\/baixada\/wp-json\/wp\/v2\/media\/5948"}],"wp:attachment":[{"href":"https:\/\/hostnetart.com.br\/baixada\/wp-json\/wp\/v2\/media?parent=5949"}],"wp:term":[{"taxonomy":"category","embeddable":true,"href":"https:\/\/hostnetart.com.br\/baixada\/wp-json\/wp\/v2\/categories?post=5949"},{"taxonomy":"post_tag","embeddable":true,"href":"https:\/\/hostnetart.com.br\/baixada\/wp-json\/wp\/v2\/tags?post=5949"}],"curies":[{"name":"wp","href":"https:\/\/api.w.org\/{rel}","templated":true}]}}