{"id":5941,"date":"2019-01-18T16:33:08","date_gmt":"2019-01-18T18:33:08","guid":{"rendered":"https:\/\/hostnetart.com.br\/baixada\/relatorio-sobre-direitos-humanos-destaca-aumento-de-violacoes-no-brasil\/"},"modified":"2019-01-18T16:33:08","modified_gmt":"2019-01-18T18:33:08","slug":"relatorio-sobre-direitos-humanos-destaca-aumento-de-violacoes-no-brasil","status":"publish","type":"post","link":"https:\/\/hostnetart.com.br\/baixada\/relatorio-sobre-direitos-humanos-destaca-aumento-de-violacoes-no-brasil\/","title":{"rendered":"Relat\u00f3rio sobre direitos humanos destaca aumento de viola\u00e7\u00f5es no Brasil"},"content":{"rendered":"<p class=\" \">A 29\u00aa edi\u00e7\u00e3o do relat\u00f3rio da Human Rights Watch (HRW), que avalia a <a class=\"internal-link\" title=\"\" href=\"https:\/\/www.redebrasilatual.com.br\/cidadania\/2018\/12\/governo-bolsonaro-representa-ameaca-aos-direitos-humanos-e-a-comissao-da-verdade-1\" target=\"_blank\" rel=\"noopener noreferrer\">situa\u00e7\u00e3o dos direitos humanos<\/a> em mais de 90 pa\u00edses, apontou uma s\u00e9rie de destaques negativos no Brasil no \u00faltimo ano. Entre eles, o recorde de homic\u00eddios atrelados \u00e0 <a class=\"internal-link\" title=\"\" href=\"https:\/\/www.redebrasilatual.com.br\/cidadania\/2019\/01\/repressao-policial-marca-segundo-ato-contra-aumento-da-tarifa-em-sp\" target=\"_blank\" rel=\"noopener noreferrer\">viol\u00eancia policial<\/a>, o aumento da <a class=\"internal-link\" title=\"\" href=\"https:\/\/www.redebrasilatual.com.br\/cidadania\/2019\/01\/decreto-sobre-posse-de-arma-elevara-feminicidio-e-suicidio-diz-sou-da-paz\" target=\"_blank\" rel=\"noopener noreferrer\">viol\u00eancia dom\u00e9stica<\/a> e as <a class=\"internal-link\" title=\"\" href=\"https:\/\/www.redebrasilatual.com.br\/cidadania\/2018\/12\/judiciario-e-omisso-em-relacao-a-tortura-nos-presidios-diz-pastoral-carceraria\" target=\"_blank\" rel=\"noopener noreferrer\">p\u00e9ssimas condi\u00e7\u00f5es dos pres\u00eddios<\/a> como algumas das viola\u00e7\u00f5es que t\u00eam ocorrido.<\/p>\n<p class=\" \">De acordo com o relat\u00f3rio anual lan\u00e7ado nesta quinta-feira (17), em S\u00e3o Paulo, foram registrados cerca de 64 mil homic\u00eddios em 2017, al\u00e9m de mais de 1 milh\u00e3o de casos de viol\u00eancia contra as mulheres que estavam pendentes de julgamento nos tribunais no mesmo ano. O documento chama a aten\u00e7\u00e3o ainda para o crescimento da popula\u00e7\u00e3o carcer\u00e1ria, que saltou para 842 mil presos em 2018, ante os 726 mil de 2016.<\/p>\n<p class=\" \">O estudo mostra ainda preocupa\u00e7\u00e3o com os <a class=\"internal-link\" title=\"\" href=\"https:\/\/www.redebrasilatual.com.br\/cidadania\/2018\/12\/mundo-vive-onda-autoritaria-nos-70-anos-da-declaracao-universal-dos-direitos-humanos\" target=\"_blank\" rel=\"noopener noreferrer\">atuais l\u00edderes brasileiros<\/a>, como explica o diretor para as Am\u00e9ricas da HRW, Jos\u00e9 Miguel Vivanco, em entrevista \u00e0 rep\u00f3rter Beatriz Drague Ramos, da <b>R\u00e1dio Brasil Atual<\/b>.<\/p>\n<p class=\" \">Na vis\u00e3o do dirigente, \u00e9 surpreendente que Jair Bolsonaro (PSL) tenha vencido as elei\u00e7\u00f5es ap\u00f3s <a class=\"internal-link\" title=\"\" href=\"https:\/\/www.redebrasilatual.com.br\/eleicoes-2018\/brasil-que-bolsonaro-quer-fome-analfabetismo-violencia-e-ditadura\" target=\"_blank\" rel=\"noopener noreferrer\">endossar a pr\u00e1tica de tortura e outros abusos<\/a>. &#8220;A ret\u00f3rica do atual presidente durante a campanha, foi uma ret\u00f3rica anti-direitos humanos, contr\u00e1ria a valores b\u00e1sicos e aos princ\u00edpios elementares de prote\u00e7\u00e3o, especialmente das minorias, isso \u00e9 algo nunca visto&#8221;, criticou.<\/p>\n<p>No <a href=\"https:\/\/www.hrw.org\/world-report\/2019\/keynote\/autocrats-face-rising-resistance\">cap\u00edtulo introdut\u00f3rio<\/a> do relat\u00f3rio divulgado pela entidade, o diretor executivo Kenneth Roth expressa preocupa\u00e7\u00e3o com &#8220;l\u00edderes autocr\u00e1ticos&#8221; e citou, no lan\u00e7amento mundial do documento, Jair Bolsonaro como exemplo. Em rela\u00e7\u00e3o ao Brasil, Vivanco destaca que esfor\u00e7os para &#8220;supervisionar&#8221; e &#8220;monitorar&#8221; organiza\u00e7\u00f5es n\u00e3o-governamentais podem minar o &#8220;papel independente que exercem em uma sociedade aberta e democr\u00e1tica\u201d.<\/p>\n<p>\u00a0<\/p>\n<p><strong>Fonte: Rede Brasil Atual<\/strong><\/p>\n","protected":false},"excerpt":{"rendered":"<p>A 29\u00aa edi\u00e7\u00e3o do relat\u00f3rio da Human Rights Watch (HRW), que avalia a situa\u00e7\u00e3o dos direitos humanos em mais de 90 pa\u00edses, apontou uma s\u00e9rie de destaques negativos no Brasil no \u00faltimo ano. Entre eles, o recorde de homic\u00eddios atrelados \u00e0 viol\u00eancia policial, o aumento da viol\u00eancia dom\u00e9stica e as p\u00e9ssimas condi\u00e7\u00f5es dos pres\u00eddios como [&hellip;]<\/p>\n","protected":false},"author":2,"featured_media":5940,"comment_status":"","ping_status":"","sticky":false,"template":"","format":"standard","meta":{"footnotes":""},"categories":[3],"tags":[],"class_list":["post-5941","post","type-post","status-publish","format-standard","has-post-thumbnail","hentry","category-noticias"],"_links":{"self":[{"href":"https:\/\/hostnetart.com.br\/baixada\/wp-json\/wp\/v2\/posts\/5941","targetHints":{"allow":["GET"]}}],"collection":[{"href":"https:\/\/hostnetart.com.br\/baixada\/wp-json\/wp\/v2\/posts"}],"about":[{"href":"https:\/\/hostnetart.com.br\/baixada\/wp-json\/wp\/v2\/types\/post"}],"author":[{"embeddable":true,"href":"https:\/\/hostnetart.com.br\/baixada\/wp-json\/wp\/v2\/users\/2"}],"replies":[{"embeddable":true,"href":"https:\/\/hostnetart.com.br\/baixada\/wp-json\/wp\/v2\/comments?post=5941"}],"version-history":[{"count":0,"href":"https:\/\/hostnetart.com.br\/baixada\/wp-json\/wp\/v2\/posts\/5941\/revisions"}],"wp:featuredmedia":[{"embeddable":true,"href":"https:\/\/hostnetart.com.br\/baixada\/wp-json\/wp\/v2\/media\/5940"}],"wp:attachment":[{"href":"https:\/\/hostnetart.com.br\/baixada\/wp-json\/wp\/v2\/media?parent=5941"}],"wp:term":[{"taxonomy":"category","embeddable":true,"href":"https:\/\/hostnetart.com.br\/baixada\/wp-json\/wp\/v2\/categories?post=5941"},{"taxonomy":"post_tag","embeddable":true,"href":"https:\/\/hostnetart.com.br\/baixada\/wp-json\/wp\/v2\/tags?post=5941"}],"curies":[{"name":"wp","href":"https:\/\/api.w.org\/{rel}","templated":true}]}}