{"id":5937,"date":"2019-01-18T16:30:28","date_gmt":"2019-01-18T18:30:28","guid":{"rendered":"https:\/\/hostnetart.com.br\/baixada\/bolsa-em-ascensao-e-real-valorizado-estao-longe-de-indicar-crescimento\/"},"modified":"2019-01-18T16:30:28","modified_gmt":"2019-01-18T18:30:28","slug":"bolsa-em-ascensao-e-real-valorizado-estao-longe-de-indicar-crescimento","status":"publish","type":"post","link":"https:\/\/hostnetart.com.br\/baixada\/bolsa-em-ascensao-e-real-valorizado-estao-longe-de-indicar-crescimento\/","title":{"rendered":"Bolsa em ascens\u00e3o e real valorizado est\u00e3o longe de indicar crescimento"},"content":{"rendered":"<p>Nas primeiras duas semanas do governo de Jair <strong>Bolsonaro<\/strong>, parte da m\u00eddia e os investidores t\u00eam comemorado a ascens\u00e3o da Bolsa de Valores. Nesta quinta-feira (17), por exemplo, o Ibovespa, &#8220;principal indicador da bolsa&#8221; do pa\u00eds, ultrapassou 95 mil pontos pela primeira vez, o que decorreria das expectativas positivas para a economia brasileira, segundo analistas.\u00a0O d\u00f3lar comercial, cotado a R$ 3,87 no \u00faltimo dia \u00fatil de 2018, fechou em R$ 3,748 nesta quarta-feira (17).\u00a0<\/p>\n<p>Mas o que a Bolsa em alta e c\u00e2mbio em baixa significam para o trabalhador e a sociedade? &#8220;A valoriza\u00e7\u00e3o da Bolsa significa que uma parte dos investidores est\u00e1 ficando mais rica, provavelmente. Mas isso n\u00e3o quer dizer que as empresas necessariamente v\u00e3o investir mais ou contratar mais pessoas&#8221;, diz Guilherme Mello, economista da Universidade Estadual de Campinas (Unicamp).<\/p>\n<p>Na verdade, n\u00e3o h\u00e1 uma correla\u00e7\u00e3o direta entre investimento, emprego e bolsa, afirma. &#8220;Voc\u00ea pode fazer qualquer teste estat\u00edstico que n\u00e3o vai encontrar essa correla\u00e7\u00e3o clara entre bolsa e crescimento econ\u00f4mico. Para o trabalhador, n\u00e3o faz tanta diferen\u00e7a a valoriza\u00e7\u00e3o da Bolsa.&#8221; A ressalva \u00e9 que, em tese, considerando que as empresas est\u00e3o mais valorizadas e com mais dinheiro, poderiam pensar em investimentos.<\/p>\n<p>&#8220;Mas ningu\u00e9m pode garantir que v\u00e3o investir. E, se investirem, v\u00e3o gerar empregos no Brasil? Ou v\u00e3o investir, por exemplo, em m\u00e1quinas e equipamentos produzidos fora do pa\u00eds e, portanto, at\u00e9 reduzir o n\u00famero de empregos aqui?&#8221;, questiona Mello.<\/p>\n<p>A an\u00e1lise do tamb\u00e9m economista\u00a0Jorge\u00a0Mattoso, ex-presidente da Caixa Econ\u00f4mica Federal, \u00e9 semelhante. &#8220;N\u00e3o existe rela\u00e7\u00e3o direta. Depende dos motivos que influenciam esses movimentos na Bolsa. Os investidores est\u00e3o apostando nesse governo, que est\u00e1 mostrando o que \u00e9: ruim para os trabalhadores e para a sociedade&#8221;, afirma.<\/p>\n<p>Para ele, n\u00e3o se pode generalizar e dizer que a Bolsa subir \u00e9 ruim para os trabalhadores, por exemplo, ou vice-versa.\u00a0&#8220;O que tem rela\u00e7\u00e3o direta com o interesse da sociedade s\u00e3o as pol\u00edticas de governo, que, essas sim, podem prejudicar os trabalhadores. Basta ver a <a class=\"internal-link\" title=\"\" href=\"https:\/\/www.redebrasilatual.com.br\/economia\/2018\/12\/mercado-de-trabalho-so-abre-vagas-sem-carteira-dealento-atinge-quase-5-milhoes\" target=\"_self\">taxa de desemprego elevada<\/a> e a informalidade crescente, o que n\u00e3o \u00e9 de hoje, diga-se, mas v\u00eam com as pol\u00edticas do governo Michel Temer, agora mantidas ou intensificadas\u00a0 por Bolsonaro.&#8221;<\/p>\n<p>Guilherme Mello observa que a composi\u00e7\u00e3o dos investidores, hoje, &#8220;\u00e9 muito curiosa&#8221;. Os estrangeiros est\u00e3o &#8220;vendidos&#8221;, ou seja, tiraram dinheiro, pois sua confian\u00e7a est\u00e1 longe de ser alta, em rela\u00e7\u00e3o ao Brasil. &#8220;Inclusive porque, l\u00e1 fora, as coisas est\u00e3o complicadas e eles preferem ficar no t\u00edtulo do Tesouro americano. Mas tamb\u00e9m pela situa\u00e7\u00e3o brasileira, que n\u00e3o inspira confian\u00e7a mesmo. J\u00e1 os investidores brasileiros est\u00e3o empolgados, e faz tempo. J\u00e1 no primeiro turno da elei\u00e7\u00e3o, desembarcaram do PSDB e foram de cabe\u00e7a para Bolsonaro. Querem pol\u00edticas mais duras, tanto economicamente como em costumes.&#8221;<\/p>\n<p>A quest\u00e3o \u00e9 que, se o pa\u00eds voltar a crescer, isso pode dar f\u00f4lego maior a esse entusiasmo, mas se o cen\u00e1rio der sinais de que n\u00e3o h\u00e1 recupera\u00e7\u00e3o sustent\u00e1vel, a conjuntura muda. Para o professor da Unicamp, no curto prazo, a tend\u00eancia \u00e9 de valoriza\u00e7\u00e3o do c\u00e2mbio e a\u00e7\u00f5es em alta.<\/p>\n<p>Mas o cen\u00e1rio externo \u00e9 crucial no m\u00e9dio e longo prazo. E ele n\u00e3o \u00e9 promissor. &#8220;<a class=\"internal-link\" title=\"\" href=\"https:\/\/www.redebrasilatual.com.br\/mundo\/2019\/01\/sombra-do-impeachment-paira-sobre-trump-e-ameca-politica-externa-de-bolsonaro\" target=\"_self\">Donald Trump (presidente norte-americano) est\u00e1 em dificuldade<\/a>. O Brexit est\u00e1 dif\u00edcil. As bolsas, de modo geral, n\u00e3o est\u00e3o bem e ainda h\u00e1 a <a class=\"internal-link\" title=\"\" href=\"https:\/\/www.redebrasilatual.com.br\/economia\/2019\/01\/para-analista-governo-precisa-de-relacoes-pacificadas-entre-eua-e-china\" target=\"_self\">guerra comercial entre Estados Unidos e China<\/a>. Se isso continuar, a euforia inicial com o governo Bolsonaro deve se reverter&#8221;, aponta Mello.\u00a0<\/p>\n<p>A cota\u00e7\u00e3o do d\u00f3lar nesta quinta (R$ 3,748) registrou leve alta pelo terceiro dia seguido, motivada pela tens\u00e3o entre Estados Unidos e China, segundo o mercado. Ou seja, turbul\u00eancias podem evaporar quaisquer previs\u00f5es.<\/p>\n<p>As expectativas dos investidores se depositam em grande parte nas privatiza\u00e7\u00f5es e na <a class=\"internal-link\" title=\"\" href=\"https:\/\/www.redebrasilatual.com.br\/economia\/2018\/11\/investidores-condicionam-otimismo-a-reforma-da-previdencia-em-2019\" target=\"_self\">reforma da Previd\u00eancia<\/a>. Neste \u00faltimo caso, eles esperam que os bancos ganhem muito com os fundos privados de capitaliza\u00e7\u00e3o.<\/p>\n<h3>C\u00e2mbio<\/h3>\n<p>A tend\u00eancia de valoriza\u00e7\u00e3o da moeda, no longo prazo, vai minando a capacidade de competi\u00e7\u00e3o da ind\u00fastria brasileira. N\u00e3o \u00e9 por acaso que a China controla a taxa de c\u00e2mbio e a deixa sempre suficientemente desvalorizada, para manter sua ind\u00fastria competitiva.<\/p>\n<p>&#8220;O c\u00e2mbio (a moeda local)\u00a0valorizado tem um efeito de curto prazo que parece positivo: os importados ficam mais baratos, a infla\u00e7\u00e3o se reduz e as pessoas sentem que podem comprar mais. Isso pode incentivar o consumo. Mas, num segundo momento, se o c\u00e2mbio se mant\u00e9m valorizado, \u00e9 inevit\u00e1vel que a renda, a produtividade e o emprego caiam&#8221;, diz Guilherme Mello.<\/p>\n<p>A vida do exportador fica dif\u00edcil e a ind\u00fastria nacional sofre. &#8220;Crescer via exporta\u00e7\u00e3o fica mais dif\u00edcil. O que sobra \u00e9 crescer via mercado interno, mas a\u00ed precisa resolver a quest\u00e3o da renda e sal\u00e1rio. Como isso n\u00e3o est\u00e1 sendo resolvido e tende a se agravar com a reforma da Previd\u00eancia, porque as pessoas tender\u00e3o a poupar, n\u00e3o tem consumo das fam\u00edlias e, portanto, falta investimento.&#8221;<\/p>\n<p>Por fim, sobra o gasto p\u00fablico, um dos maiores fomentadores do crescimento. &#8220;Mas o gasto\u00a0 p\u00fablico est\u00e1 garroteado pela <a class=\"internal-link\" title=\"\" href=\"https:\/\/www.redebrasilatual.com.br\/cidadania\/2018\/12\/dois-anos-do-teto-de-gastos-brasil-vive-volta-da-mortalidade-e-o-aumento-da-pobreza\" target=\"_blank\" rel=\"noopener noreferrer\">Emenda Constitucional 95 (do teto de gastos)<\/a>. N\u00e3o sobra nada. Se isso acontecer, o otimismo dos investidores dom\u00e9sticos n\u00e3o se mant\u00e9m&#8221;, conclui Mello.<\/p>\n<p>\u00a0<\/p>\n<p><strong>Fonte: Rede Brasil Atual<\/strong><\/p>\n","protected":false},"excerpt":{"rendered":"<p>Nas primeiras duas semanas do governo de Jair Bolsonaro, parte da m\u00eddia e os investidores t\u00eam comemorado a ascens\u00e3o da Bolsa de Valores. Nesta quinta-feira (17), por exemplo, o Ibovespa, &#8220;principal indicador da bolsa&#8221; do pa\u00eds, ultrapassou 95 mil pontos pela primeira vez, o que decorreria das expectativas positivas para a economia brasileira, segundo analistas.\u00a0O [&hellip;]<\/p>\n","protected":false},"author":2,"featured_media":5936,"comment_status":"","ping_status":"","sticky":false,"template":"","format":"standard","meta":{"footnotes":""},"categories":[3],"tags":[],"class_list":["post-5937","post","type-post","status-publish","format-standard","has-post-thumbnail","hentry","category-noticias"],"_links":{"self":[{"href":"https:\/\/hostnetart.com.br\/baixada\/wp-json\/wp\/v2\/posts\/5937","targetHints":{"allow":["GET"]}}],"collection":[{"href":"https:\/\/hostnetart.com.br\/baixada\/wp-json\/wp\/v2\/posts"}],"about":[{"href":"https:\/\/hostnetart.com.br\/baixada\/wp-json\/wp\/v2\/types\/post"}],"author":[{"embeddable":true,"href":"https:\/\/hostnetart.com.br\/baixada\/wp-json\/wp\/v2\/users\/2"}],"replies":[{"embeddable":true,"href":"https:\/\/hostnetart.com.br\/baixada\/wp-json\/wp\/v2\/comments?post=5937"}],"version-history":[{"count":0,"href":"https:\/\/hostnetart.com.br\/baixada\/wp-json\/wp\/v2\/posts\/5937\/revisions"}],"wp:featuredmedia":[{"embeddable":true,"href":"https:\/\/hostnetart.com.br\/baixada\/wp-json\/wp\/v2\/media\/5936"}],"wp:attachment":[{"href":"https:\/\/hostnetart.com.br\/baixada\/wp-json\/wp\/v2\/media?parent=5937"}],"wp:term":[{"taxonomy":"category","embeddable":true,"href":"https:\/\/hostnetart.com.br\/baixada\/wp-json\/wp\/v2\/categories?post=5937"},{"taxonomy":"post_tag","embeddable":true,"href":"https:\/\/hostnetart.com.br\/baixada\/wp-json\/wp\/v2\/tags?post=5937"}],"curies":[{"name":"wp","href":"https:\/\/api.w.org\/{rel}","templated":true}]}}