{"id":5935,"date":"2019-01-18T16:28:46","date_gmt":"2019-01-18T18:28:46","guid":{"rendered":"https:\/\/hostnetart.com.br\/baixada\/pente-fino-no-inss-ameaca-a-direitos-e-falsa-economia\/"},"modified":"2019-01-18T16:28:46","modified_gmt":"2019-01-18T18:28:46","slug":"pente-fino-no-inss-ameaca-a-direitos-e-falsa-economia","status":"publish","type":"post","link":"https:\/\/hostnetart.com.br\/baixada\/pente-fino-no-inss-ameaca-a-direitos-e-falsa-economia\/","title":{"rendered":"&#8216;Pente-fino&#8217; no INSS: amea\u00e7a a direitos e &#8216;falsa economia&#8217;"},"content":{"rendered":"<div class=\"content\">\n<p>Se repetir o modelo adotado no governo Temer, o\u00a0<strong>pente-fino<\/strong>\u00a0nos\u00a0<a href=\"https:\/\/www.redebrasilatual.com.br\/trabalho\/2017\/10\/inss-trata-trabalhador-doente-como-fraudador-de-beneficios\" target=\"_blank\" rel=\"noopener noreferrer\">benef\u00edcios do\u00a0<strong>INSS<\/strong><\/a>proposto pela equipe econ\u00f4mica do governo\u00a0<strong><a href=\"https:\/\/www.redebrasilatual.com.br\/politica\/2019\/01\/para-jurista-bolsonaro-201cpassou-recibo201d-sobre-sua-relacao-com-caso-queiroz\" target=\"_blank\" rel=\"noopener noreferrer\">Bolsonaro<\/a><\/strong>\u00a0indica que, ao seu final, a investida vai acarretar uma &#8220;falsa economia&#8221; ao pa\u00eds, devido ao elevado n\u00famero de a\u00e7\u00f5es judiciais pelos segurados para anular o corte arbitr\u00e1rio de benef\u00edcios e pens\u00f5es e reaver direitos cortados indevidamente. O &#8220;mal exemplo&#8221; do governo anterior, de Michel Temer \u2013 e que deve ser repetido agora \u2013, \u00e9 o pagamento de b\u00f4nus em dinheiro aos peritos do INSS que identifiquem supostas fraudes.\u00a0<\/p>\n<p>Segundo o\u00a0Instituto Brasileiro de Direito Previdenci\u00e1rio (IBDP), o &#8220;pente-fino&#8221; do governo Temer, que come\u00e7ou a ser executado em\u00a0<a href=\"https:\/\/www.redebrasilatual.com.br\/trabalho\/2016\/08\/portaria-regulamenta-convocacao-de-segurados-do-inss-que-farao-nova-pericia-1681.html\" target=\"_blank\" rel=\"noopener noreferrer\">julho de 2016<\/a>, colaborou para que houvesse uma explos\u00e3o de a\u00e7\u00f5es na Justi\u00e7a Federal, a ponto de faltar recursos para a realiza\u00e7\u00e3o de per\u00edcia m\u00e9dica no sistema judici\u00e1rio.\u00a0O risco agora pode ser ainda maior, pois a proposta do ministro da Economia,\u00a0<a href=\"https:\/\/www.redebrasilatual.com.br\/eleicoes-2018\/paulo-guedes-anuncia-que-vai-priorizar-reforma-da-previdencia-e-privatizacoes\" target=\"_blank\" rel=\"noopener noreferrer\">Paulo Guedes<\/a>, prev\u00ea a revis\u00e3o de todos os benef\u00edcios concedidos. No processo anterior, aux\u00edlio-doen\u00e7a e pens\u00e3o por invalidez foram os alvos do pente-fino.\u00a0<\/p>\n<p>Para o IBDP, trata-se de uma medida com vi\u00e9s &#8220;classista&#8221; \u2013 pois atende aos interesses dos peritos que querem incrementar seus rendimentos com as bonifica\u00e7\u00f5es concedidas \u2013 e &#8220;mercadista&#8221;, porque passa ao mercado financeiro a falsa sensa\u00e7\u00e3o de que o governo estaria fazendo esfor\u00e7os para conter o gasto p\u00fablico.<\/p>\n<p>&#8220;Para dizer que est\u00e3o economizando e justificar essa bonifica\u00e7\u00e3o, os peritos come\u00e7aram a cancelar uma s\u00e9rie de benef\u00edcios, de forma injusta e ilegal. Isso gerou um contingenciamento\u00a0enorme\u00a0de a\u00e7\u00f5es\u00a0 na Justi\u00e7a, verificado at\u00e9 pelo Tribunal de Contas da Uni\u00e3o (TCU)&#8221;, afirma o diretor do IBDP Diego Cherulli, advogado e professor de Direito Previdenci\u00e1rio na Universidade de Bras\u00edlia (UnB).\u00a0<\/p>\n<p>Segundo ele, os recursos contra a suspens\u00e3o ilegal das pens\u00f5es por invalidez respondem pelo maior n\u00famero de processos, em termos percentuais, na Justi\u00e7a Federal, em Bras\u00edlia, que tem dado ganho de causa para cerca de 80% das a\u00e7\u00f5es. Enquanto o perito deve receber\u00a0R$ 57,50 por per\u00edcia extra realizada, cada processo, segundo o TCU, custa aos cofres do Estado cerca de R$ 3.900.\u00a0<\/p>\n<p>&#8220;\u00c9\u00a0<a href=\"https:\/\/www.redebrasilatual.com.br\/economia\/2019\/01\/bolsa-em-ascensao-e-real-valorizado-estao-longe-de-indicar-crescimento\" target=\"_blank\" rel=\"noopener noreferrer\">mercadismo<\/a>&#8220;, diz Cherruli, &#8220;porque agrada ao mercado por supostamente diminuir as despesas da Previd\u00eancia Social. Na verdade, n\u00e3o est\u00e1. Est\u00e1 diminuindo falsamente. Por isso que digo que o pente-fino do Temer foi um mal exemplo&#8221;. Segundo ele, os peritos do INSS j\u00e1 ganham o suficiente para fazerem a devida fiscaliza\u00e7\u00e3o dos benef\u00edcios, e que o b\u00f4nus distorce a fun\u00e7\u00e3o e amea\u00e7a direitos conquistados.\u00a0<\/p>\n<p>O diretor do IBDP diz que at\u00e9 mesmo benef\u00edcios que haviam sido concedidos na Justi\u00e7a, que conta com peritos especialistas \u2013 diferentemente do INSS \u2013 foram cassados pelo pente-fino de Temer, e depois tiveram que ser repostos, causando danos aos cofres p\u00fablicos e aos benefici\u00e1rios.\u00a0<\/p>\n<p>&#8220;Vemos com preocupa\u00e7\u00e3o porque n\u00e3o se v\u00ea a fraude como exce\u00e7\u00e3o, mas como regra. Essa vis\u00e3o tem que mudar. O direito \u00e9 a regra. As fraudes s\u00e3o exce\u00e7\u00f5es. Que se respeito o direito adquirido e as decis\u00f5es judiciais&#8221;, reivindica o diretor. &#8220;O IBDP questiona e critica o pente-fino desde o in\u00edcio. Hoje estamos vendo o resultado, que \u00e9 a eleva\u00e7\u00e3o da despesa judicial com per\u00edcia m\u00e9dica.&#8221;\u00a0<\/p>\n<\/div>\n<p id=\"page-author\"><strong>Fonte: Rede Brasil Atual<\/strong><\/p>\n","protected":false},"excerpt":{"rendered":"<p>Se repetir o modelo adotado no governo Temer, o\u00a0pente-fino\u00a0nos\u00a0benef\u00edcios do\u00a0INSSproposto pela equipe econ\u00f4mica do governo\u00a0Bolsonaro\u00a0indica que, ao seu final, a investida vai acarretar uma &#8220;falsa economia&#8221; ao pa\u00eds, devido ao elevado n\u00famero de a\u00e7\u00f5es judiciais pelos segurados para anular o corte arbitr\u00e1rio de benef\u00edcios e pens\u00f5es e reaver direitos cortados indevidamente. O &#8220;mal exemplo&#8221; do [&hellip;]<\/p>\n","protected":false},"author":2,"featured_media":5934,"comment_status":"","ping_status":"","sticky":false,"template":"","format":"standard","meta":{"footnotes":""},"categories":[3],"tags":[],"class_list":["post-5935","post","type-post","status-publish","format-standard","has-post-thumbnail","hentry","category-noticias"],"_links":{"self":[{"href":"https:\/\/hostnetart.com.br\/baixada\/wp-json\/wp\/v2\/posts\/5935","targetHints":{"allow":["GET"]}}],"collection":[{"href":"https:\/\/hostnetart.com.br\/baixada\/wp-json\/wp\/v2\/posts"}],"about":[{"href":"https:\/\/hostnetart.com.br\/baixada\/wp-json\/wp\/v2\/types\/post"}],"author":[{"embeddable":true,"href":"https:\/\/hostnetart.com.br\/baixada\/wp-json\/wp\/v2\/users\/2"}],"replies":[{"embeddable":true,"href":"https:\/\/hostnetart.com.br\/baixada\/wp-json\/wp\/v2\/comments?post=5935"}],"version-history":[{"count":0,"href":"https:\/\/hostnetart.com.br\/baixada\/wp-json\/wp\/v2\/posts\/5935\/revisions"}],"wp:featuredmedia":[{"embeddable":true,"href":"https:\/\/hostnetart.com.br\/baixada\/wp-json\/wp\/v2\/media\/5934"}],"wp:attachment":[{"href":"https:\/\/hostnetart.com.br\/baixada\/wp-json\/wp\/v2\/media?parent=5935"}],"wp:term":[{"taxonomy":"category","embeddable":true,"href":"https:\/\/hostnetart.com.br\/baixada\/wp-json\/wp\/v2\/categories?post=5935"},{"taxonomy":"post_tag","embeddable":true,"href":"https:\/\/hostnetart.com.br\/baixada\/wp-json\/wp\/v2\/tags?post=5935"}],"curies":[{"name":"wp","href":"https:\/\/api.w.org\/{rel}","templated":true}]}}