{"id":5933,"date":"2019-01-18T16:25:54","date_gmt":"2019-01-18T18:25:54","guid":{"rendered":"https:\/\/hostnetart.com.br\/baixada\/justica-manda-reintegrar-bancario-do-santander-demitido-ilegalmente-na-paraiba\/"},"modified":"2019-01-18T16:25:54","modified_gmt":"2019-01-18T18:25:54","slug":"justica-manda-reintegrar-bancario-do-santander-demitido-ilegalmente-na-paraiba","status":"publish","type":"post","link":"https:\/\/hostnetart.com.br\/baixada\/justica-manda-reintegrar-bancario-do-santander-demitido-ilegalmente-na-paraiba\/","title":{"rendered":"Justi\u00e7a manda reintegrar banc\u00e1rio do Santander demitido ilegalmente na Para\u00edba"},"content":{"rendered":"<div class=\"content\">\n<p>Na manh\u00e3 da \u00faltima ter\u00e7a-feira (15), o Sindicato dos Banc\u00e1rios da Para\u00edba, atrav\u00e9s dos diretores Sivaldo Torres e Gen\u00e1rio Moreira, acompanhou a reintegra\u00e7\u00e3o do banc\u00e1rio Fernando Isa\u00edas Maropo aos quadros do Banco Santander, na ag\u00eancia Guarabira, em cumprimento \u00e0 senten\u00e7a do Juiz do Trabalho Antonio Cavalcante da Costa Neto, da Vara do Trabalho de Guarabira.<\/p>\n<p>O banco foi sentenciado a reintegrar o funcion\u00e1rio demitido em gozo de licen\u00e7a-sa\u00fade para tratamento de doen\u00e7a ocupacional, sob pena de multa di\u00e1ria no valor de R$ 10 mil em caso de descumprimento da medida judicial.<\/p>\n<p>O desligamento ocorrido em 10 de dezembro al\u00e9m de ter sido anulado, tamb\u00e9m foi alvo de uma s\u00e9rie de medidas que inibem qualquer a\u00e7\u00e3o excessiva do banco contra o banc\u00e1rio, acometido de doen\u00e7a ocupacional como: a n\u00e3o imposi\u00e7\u00e3o de pr\u00e1tica de atividades que requeiram a utiliza\u00e7\u00e3o dos membros superiores com eleva\u00e7\u00e3o acima da cabe\u00e7a e em movimentos repetitivos, bem como seja restaurado o seu plano de sa\u00fade.<\/p>\n<p>Para o diretor respons\u00e1vel pelo Jur\u00eddico do Sindicato, Jurandi Pereira, a a\u00e7\u00e3o que reverteu mais uma conduta ilegal, tamb\u00e9m \u00e9 a prova que ante \u00e0 prepot\u00eancia dos banqueiros, a luta do Sindicato na defesa da categoria obt\u00e9m \u00eaxito. \u201cEsse banco \u00e9 o que mais incide em praticar essa conduta ilegal. Vale lembrar que em 2018 foram cinco banc\u00e1rios reintegrados por for\u00e7a judicial, atrav\u00e9s da competente atua\u00e7\u00e3o do escrit\u00f3rio Marcelo Assun\u00e7\u00e3o e Advogados Associados. A condu\u00e7\u00e3o de mais uma a\u00e7\u00e3o que reverte tal atitude e devolve o emprego ao banc\u00e1rio \u00e9 uma vit\u00f3ria que deve servir de exemplo para a categoria sobre a import\u00e2ncia de se ter um Sindicato forte e atuante em defesa dos interesses dos seus associados\u201d, explicou.<\/p>\n<\/div>\n<p id=\"page-author\"><strong>Fonte: Seeb PB<\/strong><\/p>\n","protected":false},"excerpt":{"rendered":"<p>Na manh\u00e3 da \u00faltima ter\u00e7a-feira (15), o Sindicato dos Banc\u00e1rios da Para\u00edba, atrav\u00e9s dos diretores Sivaldo Torres e Gen\u00e1rio Moreira, acompanhou a reintegra\u00e7\u00e3o do banc\u00e1rio Fernando Isa\u00edas Maropo aos quadros do Banco Santander, na ag\u00eancia Guarabira, em cumprimento \u00e0 senten\u00e7a do Juiz do Trabalho Antonio Cavalcante da Costa Neto, da Vara do Trabalho de Guarabira. [&hellip;]<\/p>\n","protected":false},"author":2,"featured_media":5932,"comment_status":"","ping_status":"","sticky":false,"template":"","format":"standard","meta":{"footnotes":""},"categories":[3],"tags":[],"class_list":["post-5933","post","type-post","status-publish","format-standard","has-post-thumbnail","hentry","category-noticias"],"_links":{"self":[{"href":"https:\/\/hostnetart.com.br\/baixada\/wp-json\/wp\/v2\/posts\/5933","targetHints":{"allow":["GET"]}}],"collection":[{"href":"https:\/\/hostnetart.com.br\/baixada\/wp-json\/wp\/v2\/posts"}],"about":[{"href":"https:\/\/hostnetart.com.br\/baixada\/wp-json\/wp\/v2\/types\/post"}],"author":[{"embeddable":true,"href":"https:\/\/hostnetart.com.br\/baixada\/wp-json\/wp\/v2\/users\/2"}],"replies":[{"embeddable":true,"href":"https:\/\/hostnetart.com.br\/baixada\/wp-json\/wp\/v2\/comments?post=5933"}],"version-history":[{"count":0,"href":"https:\/\/hostnetart.com.br\/baixada\/wp-json\/wp\/v2\/posts\/5933\/revisions"}],"wp:featuredmedia":[{"embeddable":true,"href":"https:\/\/hostnetart.com.br\/baixada\/wp-json\/wp\/v2\/media\/5932"}],"wp:attachment":[{"href":"https:\/\/hostnetart.com.br\/baixada\/wp-json\/wp\/v2\/media?parent=5933"}],"wp:term":[{"taxonomy":"category","embeddable":true,"href":"https:\/\/hostnetart.com.br\/baixada\/wp-json\/wp\/v2\/categories?post=5933"},{"taxonomy":"post_tag","embeddable":true,"href":"https:\/\/hostnetart.com.br\/baixada\/wp-json\/wp\/v2\/tags?post=5933"}],"curies":[{"name":"wp","href":"https:\/\/api.w.org\/{rel}","templated":true}]}}