{"id":5929,"date":"2019-01-17T17:00:46","date_gmt":"2019-01-17T19:00:46","guid":{"rendered":"https:\/\/hostnetart.com.br\/baixada\/venda-da-embraer-coloca-em-risco-26-mil-empregos-alerta-mpt\/"},"modified":"2019-01-17T17:00:46","modified_gmt":"2019-01-17T19:00:46","slug":"venda-da-embraer-coloca-em-risco-26-mil-empregos-alerta-mpt","status":"publish","type":"post","link":"https:\/\/hostnetart.com.br\/baixada\/venda-da-embraer-coloca-em-risco-26-mil-empregos-alerta-mpt\/","title":{"rendered":"Venda da Embraer coloca em risco 26 mil empregos, alerta MPT"},"content":{"rendered":"<p>O Minist\u00e9rio P\u00fablico do Trabalho (<strong>MPT<\/strong>) teme que a <a class=\"internal-link\" title=\"\" href=\"https:\/\/www.redebrasilatual.com.br\/economia\/2018\/12\/metalurgicos-entram-com-recurso-contra-cassacao-de-liminar-que-protegia-a-embraer\" target=\"_blank\" rel=\"noopener noreferrer\">venda da <strong>Embraer<\/strong> para a empresa norte-americana <strong>Boeing<\/strong><\/a> resulte em demiss\u00f5es em massa. O \u00f3rg\u00e3o fala em aproximadamente 27 mil postos de trabalho em risco. Para evitar o cen\u00e1rio, ingressou com recurso no Tribunal Superior do Trabalho (TST). Pede que reconsidere a decis\u00e3o do presidente, ministro Brito Pereira, que autorizou a transa\u00e7\u00e3o sem consulta ao Conselho de Seguran\u00e7a Nacional.<\/p>\n<p>\u201cO objetivo \u00e9 defender os postos de trabalho amea\u00e7ados em raz\u00e3o da compra da Embraer (&#8230;) a Uni\u00e3o precisa verificar se h\u00e1 garantia de manuten\u00e7\u00e3o dos postos para os trabalhadores brasileiros\u201d, <a class=\"external-link\" title=\"\" href=\"http:\/\/portal.mpt.mp.br\/wps\/portal\/portal_mpt\/mpt\/sala-imprensa\/mpt-noticias\/9c1b155f-ad21-4cd9-a7df-5d9d3bac5174\" target=\"_blank\" rel=\"noopener noreferrer\">afirma o MPT, em nota<\/a>.<\/p>\n<p>A subprocuradora-geral do MPT Maria Aparecida Gurgel assina o recurso. \u201cSe n\u00e3o houver, a Uni\u00e3o deve exercer o direito contratual, denominado de golden share, de garantir o interesse p\u00fablico e a seguran\u00e7a nacional, mesmo ap\u00f3s a venda da Embraer, optando, em \u00faltimo caso, por vetar o neg\u00f3cio\u201d, disse. Embora o controle acion\u00e1rio da Embraer seja privado, a participa\u00e7\u00e3o da Uni\u00e3o, ainda que minorit\u00e1ria, inclui esse poder de veto.<\/p>\n<p>Al\u00e9m dos empregos, a venda da empresa representa, de acordo com o MPT, risco para quest\u00f5es de soberania nacional. \u201cEst\u00e1 sob amea\u00e7a o patrim\u00f4nio tecnol\u00f3gico e intelectual da Embraer, com o alheamento de softwares e a perda de profissionais forjados na empresa\u201d, afirma Maria Aparecida.<\/p>\n<p>A Embraer \u00e9 uma empresa de sucesso e apresenta bons resultados e alta lucratividade. \u201cTrata-se da terceira maior fabricante de aeronaves do mundo, tem mercado consolidado e \u00e9 l\u00edder mundial na fabrica\u00e7\u00e3o de jatos de 70 a 130 assentos, com 51% do mercado em pedidos l\u00edquidos acumulados desde 2004, seguida pela Bombardier, sua principal concorrente, com 24%\u201d, acrescenta o MPT, ao chamar a estatal de \u201cjoia da coroa\u201d.<\/p>\n<p>O recurso do MPT tamb\u00e9m visa proteger a economia da cidade de S\u00e3o Jos\u00e9 dos Campos, no interior paulista, que seria duramente afetada com o corte dos empregos. Para o Sindicato dos Metal\u00fargicos da regi\u00e3o, a <a class=\"internal-link\" title=\"\" href=\"https:\/\/www.redebrasilatual.com.br\/trabalho\/2019\/01\/metalurgicos-buscam-conversa-com-governo-para-barrar-venda-da-embraer\" target=\"_blank\" rel=\"noopener noreferrer\">venda da Embraer \u00e9 um crime de lesa-p\u00e1tria<\/a>, conduzido por um governo com a orienta\u00e7\u00e3o de entregar o patrim\u00f4nio nacional.<\/p>\n<p>\u00a0<\/p>\n<p><strong>Fonte: Rede Brasil Atual<\/strong><\/p>\n","protected":false},"excerpt":{"rendered":"<p>O Minist\u00e9rio P\u00fablico do Trabalho (MPT) teme que a venda da Embraer para a empresa norte-americana Boeing resulte em demiss\u00f5es em massa. O \u00f3rg\u00e3o fala em aproximadamente 27 mil postos de trabalho em risco. Para evitar o cen\u00e1rio, ingressou com recurso no Tribunal Superior do Trabalho (TST). Pede que reconsidere a decis\u00e3o do presidente, ministro [&hellip;]<\/p>\n","protected":false},"author":2,"featured_media":5928,"comment_status":"","ping_status":"","sticky":false,"template":"","format":"standard","meta":{"footnotes":""},"categories":[3],"tags":[],"class_list":["post-5929","post","type-post","status-publish","format-standard","has-post-thumbnail","hentry","category-noticias"],"_links":{"self":[{"href":"https:\/\/hostnetart.com.br\/baixada\/wp-json\/wp\/v2\/posts\/5929","targetHints":{"allow":["GET"]}}],"collection":[{"href":"https:\/\/hostnetart.com.br\/baixada\/wp-json\/wp\/v2\/posts"}],"about":[{"href":"https:\/\/hostnetart.com.br\/baixada\/wp-json\/wp\/v2\/types\/post"}],"author":[{"embeddable":true,"href":"https:\/\/hostnetart.com.br\/baixada\/wp-json\/wp\/v2\/users\/2"}],"replies":[{"embeddable":true,"href":"https:\/\/hostnetart.com.br\/baixada\/wp-json\/wp\/v2\/comments?post=5929"}],"version-history":[{"count":0,"href":"https:\/\/hostnetart.com.br\/baixada\/wp-json\/wp\/v2\/posts\/5929\/revisions"}],"wp:featuredmedia":[{"embeddable":true,"href":"https:\/\/hostnetart.com.br\/baixada\/wp-json\/wp\/v2\/media\/5928"}],"wp:attachment":[{"href":"https:\/\/hostnetart.com.br\/baixada\/wp-json\/wp\/v2\/media?parent=5929"}],"wp:term":[{"taxonomy":"category","embeddable":true,"href":"https:\/\/hostnetart.com.br\/baixada\/wp-json\/wp\/v2\/categories?post=5929"},{"taxonomy":"post_tag","embeddable":true,"href":"https:\/\/hostnetart.com.br\/baixada\/wp-json\/wp\/v2\/tags?post=5929"}],"curies":[{"name":"wp","href":"https:\/\/api.w.org\/{rel}","templated":true}]}}