{"id":5927,"date":"2019-01-17T16:58:34","date_gmt":"2019-01-17T18:58:34","guid":{"rendered":"https:\/\/hostnetart.com.br\/baixada\/liberacao-da-posse-de-armas-e-projeto-de-morte-mal-intencionado\/"},"modified":"2019-01-17T16:58:34","modified_gmt":"2019-01-17T18:58:34","slug":"liberacao-da-posse-de-armas-e-projeto-de-morte-mal-intencionado","status":"publish","type":"post","link":"https:\/\/hostnetart.com.br\/baixada\/liberacao-da-posse-de-armas-e-projeto-de-morte-mal-intencionado\/","title":{"rendered":"Libera\u00e7\u00e3o da posse de armas \u00e9 &#8216;projeto de morte mal-intencionado&#8217;"},"content":{"rendered":"<p class=\" \">Para especialistas em direitos humanos, a medida do presidente Jair Bolsonaro em <a class=\"internal-link\" title=\"\" href=\"https:\/\/www.redebrasilatual.com.br\/cidadania\/2019\/01\/historias-tragicas-de-quem-ja-teve-acesso-a-armas-em-casa\" target=\"_blank\" rel=\"noopener noreferrer\">facilitar a posse de armas de fogo<\/a> em todo o pa\u00eds, vai na <a class=\"internal-link\" title=\"\" href=\"https:\/\/www.redebrasilatual.com.br\/politica\/2019\/01\/armar-a-populacao-e-inconstitucional-e-mergulhara-o-pais-num-faroeste\" target=\"_blank\" rel=\"noopener noreferrer\">contram\u00e3o<\/a> das a\u00e7\u00f5es de combate \u00e0 <a class=\"internal-link\" title=\"\" href=\"https:\/\/www.redebrasilatual.com.br\/cidadania\/2019\/01\/decreto-que-facilita-posse-de-armas-aumentara-a-violencia-diz-especialista\" target=\"_blank\" rel=\"noopener noreferrer\">viol\u00eancia<\/a> que deveriam ser adotadas. &#8220;Isso s\u00f3 pode ser um projeto de morte mal-intencionado&#8221;, classifica a advogada e diretora do Centro de Defesa dos Direitos da Crian\u00e7a e do Adolescente <i>M\u00f4nica Pai\u00e3o Trevisan<\/i> (CEDECA &#8211; Sapopemba), Vald\u00eania Lanfranchi.<\/p>\n<p class=\" \">Ao rep\u00f3rter Leandro Chaves, do <i>Seu Jornal<\/i>, da <b>TVT<\/b>, Vald\u00eania avalia que a mudan\u00e7a estabelecida pelo decreto dar\u00e1 margem para o uso &#8220;clandestino das armas&#8221; e aumentar\u00e1 a impunidade dos crimes, a partir, por exemplo, do tempo de validade do registro junto \u00e0 Pol\u00edcia Federal, que passou de cinco para 10 anos.<\/p>\n<p class=\" \">O advogado e conselheiro do Conselho Estadual de Direito da Pessoa Humana (Condepe) Ariel de Castro analisa ainda que a medida de Bolsonaro representa um est\u00edmulo ao uso armas de fogo e, embora pelo decreto a posse esteja limitada <a class=\"internal-link\" title=\"\" href=\"https:\/\/www.redebrasilatual.com.br\/cidadania\/2019\/01\/armas-de-fogo-nao-trazem-seguranca-ao-lar-afirmam-especialistas\" target=\"_blank\" rel=\"noopener noreferrer\">\u00e0 resid\u00eancia e ao local de trabalho<\/a>, ser\u00e1 dif\u00edcil evitar o porte em outros locais. &#8220;N\u00f3s sabemos que a pol\u00edcia n\u00e3o tem como controlar o porte de armas, ent\u00e3o n\u00e3o existe esse controle. O est\u00edmulo est\u00e1 dado. A partir da posse, uma pessoa que tiver algum tipo de desaven\u00e7a, (estiver) sendo amea\u00e7ada, querendo fazer algum &#8216;acerto de contas&#8217;, (querendo) matar sua companheira ou amea\u00e7a-la, certamente, com a posse de arma vai us\u00e1-la tamb\u00e9m para essas situa\u00e7\u00f5es&#8221;.<\/p>\n<p class=\" \">\u00a0<\/p>\n<p class=\" \"><strong>Fonte: Rede Brasil Atual<\/strong><\/p>\n","protected":false},"excerpt":{"rendered":"<p>Para especialistas em direitos humanos, a medida do presidente Jair Bolsonaro em facilitar a posse de armas de fogo em todo o pa\u00eds, vai na contram\u00e3o das a\u00e7\u00f5es de combate \u00e0 viol\u00eancia que deveriam ser adotadas. &#8220;Isso s\u00f3 pode ser um projeto de morte mal-intencionado&#8221;, classifica a advogada e diretora do Centro de Defesa dos [&hellip;]<\/p>\n","protected":false},"author":2,"featured_media":5926,"comment_status":"","ping_status":"","sticky":false,"template":"","format":"standard","meta":{"footnotes":""},"categories":[3],"tags":[],"class_list":["post-5927","post","type-post","status-publish","format-standard","has-post-thumbnail","hentry","category-noticias"],"_links":{"self":[{"href":"https:\/\/hostnetart.com.br\/baixada\/wp-json\/wp\/v2\/posts\/5927","targetHints":{"allow":["GET"]}}],"collection":[{"href":"https:\/\/hostnetart.com.br\/baixada\/wp-json\/wp\/v2\/posts"}],"about":[{"href":"https:\/\/hostnetart.com.br\/baixada\/wp-json\/wp\/v2\/types\/post"}],"author":[{"embeddable":true,"href":"https:\/\/hostnetart.com.br\/baixada\/wp-json\/wp\/v2\/users\/2"}],"replies":[{"embeddable":true,"href":"https:\/\/hostnetart.com.br\/baixada\/wp-json\/wp\/v2\/comments?post=5927"}],"version-history":[{"count":0,"href":"https:\/\/hostnetart.com.br\/baixada\/wp-json\/wp\/v2\/posts\/5927\/revisions"}],"wp:featuredmedia":[{"embeddable":true,"href":"https:\/\/hostnetart.com.br\/baixada\/wp-json\/wp\/v2\/media\/5926"}],"wp:attachment":[{"href":"https:\/\/hostnetart.com.br\/baixada\/wp-json\/wp\/v2\/media?parent=5927"}],"wp:term":[{"taxonomy":"category","embeddable":true,"href":"https:\/\/hostnetart.com.br\/baixada\/wp-json\/wp\/v2\/categories?post=5927"},{"taxonomy":"post_tag","embeddable":true,"href":"https:\/\/hostnetart.com.br\/baixada\/wp-json\/wp\/v2\/tags?post=5927"}],"curies":[{"name":"wp","href":"https:\/\/api.w.org\/{rel}","templated":true}]}}